{"id":2861,"date":"2024-09-06T19:29:26","date_gmt":"2024-09-06T17:29:26","guid":{"rendered":"https:\/\/www.fiwonline.de\/?p=2861"},"modified":"2024-09-30T01:04:46","modified_gmt":"2024-09-29T23:04:46","slug":"eugh-verwirft-verweisungspraxis-der-kommission-und-kippt-uebernahmeverbot-in-der-rechtssache-illumina-grail","status":"publish","type":"post","link":"https:\/\/www.fiwonline.de\/en\/eugh-verwirft-verweisungspraxis-der-kommission-und-kippt-uebernahmeverbot-in-der-rechtssache-illumina-grail\/","title":{"rendered":"EuGH verwirft Verweisungspraxis der Kommission und kippt \u00dcbernahmeverbot in der Rechtssache Illumina\/Grail"},"content":{"rendered":"<div data-elementor-type=\"wp-post\" data-elementor-id=\"2861\" class=\"elementor elementor-2861\">\n\t\t\t\t<div class=\"elementor-element elementor-element-b02a39a e-flex e-con-boxed e-con e-parent\" data-id=\"b02a39a\" data-element_type=\"container\" data-e-type=\"container\">\r\n\t\t\t\t\t<div class=\"e-con-inner\">\r\n\t\t\t\t<div class=\"elementor-element elementor-element-c6609d3 flex-horizontal-align-default flex-horizontal-align-tablet-default flex-horizontal-align-mobile-default flex-vertical-align-default flex-vertical-align-tablet-default flex-vertical-align-mobile-default elementor-widget elementor-widget-spacer\" data-id=\"c6609d3\" data-element_type=\"widget\" data-e-type=\"widget\" data-widget_type=\"spacer.default\">\n\t\t\t\t<div class=\"elementor-widget-container\">\n\t\t\t\t\t\t\t<div class=\"elementor-spacer\">\n\t\t\t<div class=\"elementor-spacer-inner\"><\/div>\n\t\t<\/div>\n\t\t\t\t\t\t<\/div>\n\t\t\t\t<\/div>\n\t\t\t\t<div class=\"elementor-element elementor-element-8ebe6ac flex-horizontal-align-default flex-horizontal-align-tablet-default flex-horizontal-align-mobile-default flex-vertical-align-default flex-vertical-align-tablet-default flex-vertical-align-mobile-default elementor-widget elementor-widget-thegem-template-post-info\" data-id=\"8ebe6ac\" data-element_type=\"widget\" data-e-type=\"widget\" data-widget_type=\"thegem-template-post-info.default\">\n\t\t\t\t<div class=\"elementor-widget-container\">\n\t\t\t\t\t\t\t\t<div class=\"thegem-te-post-info post-info--modern post-info--horizontal post-info--left post-info--divider-show\">\r\n\t\t\t\t<div class=\"post-info\"><div class=\"post-info-item post-info-item-date title-h6\"><a class=\"date\" href=\"https:\/\/www.fiwonline.de\/en\/2024\/09\/06\/\">06.09.2024<\/a><\/div><\/div>\r\n\t\t\t<\/div>\r\n\t\t\t\t\t\t\t\t\t<\/div>\n\t\t\t\t<\/div>\n\t\t\t\t<div class=\"elementor-element elementor-element-727e537 flex-horizontal-align-default flex-horizontal-align-tablet-default flex-horizontal-align-mobile-default flex-vertical-align-default flex-vertical-align-tablet-default flex-vertical-align-mobile-default elementor-widget elementor-widget-thegem-template-post-title\" data-id=\"727e537\" data-element_type=\"widget\" data-e-type=\"widget\" data-widget_type=\"thegem-template-post-title.default\">\n\t\t\t\t<div class=\"elementor-widget-container\">\n\t\t\t\t\t<div class=\"thegem-te-post-title\"> <h3 class=\"post-title\"> <span>EuGH verwirft Verweisungspraxis der Kommission und kippt \u00dcbernahmeverbot in der Rechtssache Illumina\/Grail<\/span> <\/h3> <\/div>\t\t\t\t<\/div>\n\t\t\t\t<\/div>\n\t\t<div class=\"elementor-element elementor-element-65aaa8f e-con-full e-flex e-con e-child\" data-id=\"65aaa8f\" data-element_type=\"container\" data-e-type=\"container\" data-settings=\"{&quot;background_background&quot;:&quot;gradient&quot;}\">\r\n\t\t\t\t<div class=\"elementor-element elementor-element-0ddd8d8 flex-horizontal-align-default flex-horizontal-align-tablet-default flex-horizontal-align-mobile-default flex-vertical-align-default flex-vertical-align-tablet-default flex-vertical-align-mobile-default elementor-widget elementor-widget-text-editor\" data-id=\"0ddd8d8\" data-element_type=\"widget\" data-e-type=\"widget\" data-widget_type=\"text-editor.default\">\n\t\t\t\t<div class=\"elementor-widget-container\">\n\t\t\t\t\t\t\t\t\t\t\t\t<div class=\"elementor-text-editor elementor-clearfix\">\r\n\t\t\t\t\t\t<h6>EU<br \/>EuGH<br \/>EuG<br \/>Kommission<br \/>Generalanwalt<br \/>Fusionskontrolle<br \/>Verweisungen<br \/>Art. 22 FKVO<\/h6>\t\t\t\t\t\t\t<\/div>\r\n\t\t\t\t\t\t\t\t\t\t<\/div>\n\t\t\t\t<\/div>\n\t\t\t\t<\/div>\n\t\t\t\t\t<\/div>\n\t\t\t\t<\/div>\n\t\t<div class=\"elementor-element elementor-element-af009f5 e-flex e-con-boxed e-con e-parent\" data-id=\"af009f5\" data-element_type=\"container\" data-e-type=\"container\">\r\n\t\t\t\t\t<div class=\"e-con-inner\">\r\n\t\t\t\t<div class=\"elementor-element elementor-element-7add63fd flex-horizontal-align-default flex-horizontal-align-tablet-default flex-horizontal-align-mobile-default flex-vertical-align-default flex-vertical-align-tablet-default flex-vertical-align-mobile-default elementor-widget elementor-widget-text-editor\" data-id=\"7add63fd\" data-element_type=\"widget\" data-e-type=\"widget\" data-widget_type=\"text-editor.default\">\n\t\t\t\t<div class=\"elementor-widget-container\">\n\t\t\t\t\t\t\t\t\t\t\t\t<div class=\"elementor-text-editor elementor-clearfix\">\r\n\t\t\t\t\t\t<p>Mitteilung der Kommission: <a href=\"https:\/\/competition-policy.ec.europa.eu\/state-aid\/publications\/targeted-consultation_en\">https:\/\/competition-policy.ec.europa.eu\/state-aid\/publications\/targeted-consultation_en<\/a><\/p>\n\n<p>Noch bis zum 6. September 2024 l\u00e4uft eine Konsultation der EU-Kommission f\u00fcr ein neues Verfahren f\u00fcr den Zugang zu Gerichten f\u00fcr die \u00d6ffentlichkeit, um bestimmte Entscheidungen \u00fcber staatliche Beihilfema\u00dfnahmen anzufechten, die ggf. gegen EU-Umweltrecht versto\u00dfen.<\/p>\n\n<p>Im Rahmen des neuen Verfahrens k\u00f6nnten z. B. Nichtregierungsorganisationen die Kommission um eine interne \u00dcberpr\u00fcfung einer Beihilfeentscheidung wegen vorgeblicher Verst\u00f6\u00dfe gegen das EU-Umweltrecht ersuchen. Die Antragsteller h\u00e4tten zudem das Recht, vor den EU-Gerichten Rechtsmittel einzulegen.<\/p>\n\n<p>Ziel ist es, mit dem neuen Verfahren die Auswirkungen zu ber\u00fccksichtigen, die staatliche Beihilfen f\u00fcr den Europ\u00e4ischen Green Deal, f\u00fcr die Gew\u00e4hrleistung der wirtschaftlichen und finanziellen Stabilit\u00e4t des Binnenmarktes in Krisenzeiten und f\u00fcr Investitionsentscheidungen haben.<\/p>\n\n<p>Hintergrund der Initiative sind die Feststellungen des <em>Aarhus Convention Compliance Committee (ACCC)<\/em>, dass die EU gegen das Aarhus-\u00dcbereinkommen verst\u00f6\u00dft, weil die \u00d6ffentlichkeit Entscheidungen \u00fcber staatliche Beihilfen nicht gem\u00e4\u00df Art. 108 Abs. 2 AEUV wegen eines Versto\u00dfes gegen EU-Umweltrecht anfechten kann (vgl. zur Feststellung des ACCC und Einlassungen anderer Beteiligter: <a href=\"https:\/\/unece.org\/env\/pp\/cc\/accc.c.2015.128_european-union\">ACCC\/C\/2015\/128 European Union | UNECE<\/a>).<\/p>\n\n<p>Die Kommission plant, 2025 die Ergebnisse der Konsultation im Rahmen eines Arbeitspapiers zu ver\u00f6ffentlichen.<\/p>\t\t\t\t\t\t\t<\/div>\r\n\t\t\t\t\t\t\t\t\t\t<\/div>\n\t\t\t\t<\/div>\n\t\t\t\t<div class=\"elementor-element elementor-element-56e4036 flex-horizontal-align-default flex-horizontal-align-tablet-default flex-horizontal-align-mobile-default flex-vertical-align-default flex-vertical-align-tablet-default flex-vertical-align-mobile-default elementor-widget elementor-widget-spacer\" data-id=\"56e4036\" data-element_type=\"widget\" data-e-type=\"widget\" data-widget_type=\"spacer.default\">\n\t\t\t\t<div class=\"elementor-widget-container\">\n\t\t\t\t\t\t\t<div class=\"elementor-spacer\">\n\t\t\t<div class=\"elementor-spacer-inner\"><\/div>\n\t\t<\/div>\n\t\t\t\t\t\t<\/div>\n\t\t\t\t<\/div>\n\t\t<div class=\"elementor-element elementor-element-52013a2 e-con-full e-flex e-con e-child\" data-id=\"52013a2\" data-element_type=\"container\" data-e-type=\"container\">\r\n\t\t\t\t<div class=\"elementor-element elementor-element-79512ae flex-horizontal-align-default flex-horizontal-align-tablet-default flex-horizontal-align-mobile-default flex-vertical-align-default flex-vertical-align-tablet-default flex-vertical-align-mobile-default elementor-widget elementor-widget-thegem-template-post-navigation\" data-id=\"79512ae\" data-element_type=\"widget\" data-e-type=\"widget\" data-widget_type=\"thegem-template-post-navigation.default\">\n\t\t\t\t<div class=\"elementor-widget-container\">\n\t\t\t\t\t<div class=\"thegem-te-post-navigation post-nav--justified post-label--hide post-arrows--simple\"> <nav class=\"navigation post-navigation\" aria-label=\"Posts\"> <h2 class=\"screen-reader-text\">Post navigation<\/h2> <div class=\"nav-links\"><div class=\"nav-previous\"><a href=\"https:\/\/www.fiwonline.de\/en\/us-bezirksgericht-google-monopolist-auf-zwei-produktmaerkten\/\" rel=\"prev\"><i class=\"meta-icon\"><\/i><span class=\"meta-nav\" aria-hidden=\"true\"><span class=\"post-title\"><span class=\"title-h5\">US-Bezirksgericht: Google Monopolist auf zwei Produktm\u00e4rkten<\/span><\/span><\/span><\/a><\/div><div class=\"nav-next\"><a href=\"https:\/\/www.fiwonline.de\/en\/eu-kommission-veroeffentlicht-evaluierungsergebnisse-zur-eu-kartellverfahrensverordnung\/\" rel=\"next\"><span class=\"meta-nav\" aria-hidden=\"true\"><span class=\"post-title\"><span class=\"title-h5\">EU-Kommission ver\u00f6ffentlicht Evaluierungsergebnisse zur EU-Kartellverfahrensverordnung<\/span><\/span><\/span><i class=\"meta-icon\"><\/i><\/a><\/div><\/div> <\/nav> <\/div>\t\t\t\t<\/div>\n\t\t\t\t<\/div>\n\t\t\t\t<div class=\"elementor-element elementor-element-c7146ce flex-horizontal-align-default flex-horizontal-align-tablet-default flex-horizontal-align-mobile-default flex-vertical-align-default flex-vertical-align-tablet-default flex-vertical-align-mobile-default elementor-widget elementor-widget-spacer\" data-id=\"c7146ce\" data-element_type=\"widget\" data-e-type=\"widget\" data-widget_type=\"spacer.default\">\n\t\t\t\t<div class=\"elementor-widget-container\">\n\t\t\t\t\t\t\t<div class=\"elementor-spacer\">\n\t\t\t<div class=\"elementor-spacer-inner\"><\/div>\n\t\t<\/div>\n\t\t\t\t\t\t<\/div>\n\t\t\t\t<\/div>\n\t\t\t\t<\/div>\n\t\t\t\t\t<\/div>\n\t\t\t\t<\/div>\n\t\t\t\t<\/div>","protected":false},"excerpt":{"rendered":"<p>06.09.2024 EuGH verwirft Verweisungspraxis der Kommission und kippt \u00dcbernahmeverbot in der Rechtssache Illumina\/Grail EUEuGHEuGKommissionGeneralanwaltFusionskontrolleVerweisungenArt. 22 FKVO Mitteilung der Kommission: https:\/\/competition-policy.ec.europa.eu\/state-aid\/publications\/targeted-consultation_en&#8230;<\/p>","protected":false},"author":3,"featured_media":0,"comment_status":"closed","ping_status":"closed","sticky":false,"template":"single-fullwidth.php","format":"quote","meta":{"_acf_changed":false,"footnotes":""},"categories":[58,79,66,77,76,81,78,67,80],"tags":[57,50,52,51,55,54,53,56],"tp-datum":[],"tp-veranstaltung":[],"post_folder":[1239],"class_list":{"0":"post-2861","1":"post","2":"type-post","3":"status-publish","4":"format-quote","6":"category-aktuelles","7":"category-art-22-fkvo","8":"category-eu","9":"category-eug","10":"category-eugh","11":"category-fusionskontrolle","12":"category-generalanwalt","13":"category-kommision","14":"category-verweisungen","15":"tag-art-22-fkvo","16":"tag-eu","17":"tag-eug","18":"tag-eugh","19":"tag-fusionskontrolle","20":"tag-generalanwalt","21":"tag-kommission","22":"tag-verweisungen","23":"post_format-post-format-quote"},"acf":[],"menu_order":102,"_links":{"self":[{"href":"https:\/\/www.fiwonline.de\/en\/wp-json\/wp\/v2\/posts\/2861","targetHints":{"allow":["GET"]}}],"collection":[{"href":"https:\/\/www.fiwonline.de\/en\/wp-json\/wp\/v2\/posts"}],"about":[{"href":"https:\/\/www.fiwonline.de\/en\/wp-json\/wp\/v2\/types\/post"}],"author":[{"embeddable":true,"href":"https:\/\/www.fiwonline.de\/en\/wp-json\/wp\/v2\/users\/3"}],"replies":[{"embeddable":true,"href":"https:\/\/www.fiwonline.de\/en\/wp-json\/wp\/v2\/comments?post=2861"}],"version-history":[{"count":0,"href":"https:\/\/www.fiwonline.de\/en\/wp-json\/wp\/v2\/posts\/2861\/revisions"}],"wp:attachment":[{"href":"https:\/\/www.fiwonline.de\/en\/wp-json\/wp\/v2\/media?parent=2861"}],"wp:term":[{"taxonomy":"category","embeddable":true,"href":"https:\/\/www.fiwonline.de\/en\/wp-json\/wp\/v2\/categories?post=2861"},{"taxonomy":"post_tag","embeddable":true,"href":"https:\/\/www.fiwonline.de\/en\/wp-json\/wp\/v2\/tags?post=2861"},{"taxonomy":"tp-datum","embeddable":true,"href":"https:\/\/www.fiwonline.de\/en\/wp-json\/wp\/v2\/tp-datum?post=2861"},{"taxonomy":"tp-veranstaltung","embeddable":true,"href":"https:\/\/www.fiwonline.de\/en\/wp-json\/wp\/v2\/tp-veranstaltung?post=2861"},{"taxonomy":"post_folder","embeddable":true,"href":"https:\/\/www.fiwonline.de\/en\/wp-json\/wp\/v2\/post_folder?post=2861"}],"curies":[{"name":"wp","href":"https:\/\/api.w.org\/{rel}","templated":true}]}}