{"id":2931,"date":"2024-08-02T10:00:44","date_gmt":"2024-08-02T08:00:44","guid":{"rendered":"https:\/\/www.fiwonline.de\/?p=2931"},"modified":"2024-09-30T03:21:57","modified_gmt":"2024-09-30T01:21:57","slug":"eu-kommission-konsultiert-zu-leitlinien-zum-behinderungsmissbrauch","status":"publish","type":"post","link":"https:\/\/www.fiwonline.de\/en\/eu-kommission-konsultiert-zu-leitlinien-zum-behinderungsmissbrauch\/","title":{"rendered":"EU-Kommission konsultiert zu Leitlinien zum Behinderungsmissbrauch"},"content":{"rendered":"<div data-elementor-type=\"wp-post\" data-elementor-id=\"2931\" class=\"elementor elementor-2931\">\n\t\t\t\t<div class=\"elementor-element elementor-element-63cfd00e e-flex e-con-boxed e-con e-parent\" data-id=\"63cfd00e\" data-element_type=\"container\" data-e-type=\"container\">\r\n\t\t\t\t\t<div class=\"e-con-inner\">\r\n\t\t\t\t<div class=\"elementor-element elementor-element-72498b0d flex-horizontal-align-default flex-horizontal-align-tablet-default flex-horizontal-align-mobile-default flex-vertical-align-default flex-vertical-align-tablet-default flex-vertical-align-mobile-default elementor-widget elementor-widget-spacer\" data-id=\"72498b0d\" data-element_type=\"widget\" data-e-type=\"widget\" data-widget_type=\"spacer.default\">\n\t\t\t\t<div class=\"elementor-widget-container\">\n\t\t\t\t\t\t\t<div class=\"elementor-spacer\">\n\t\t\t<div class=\"elementor-spacer-inner\"><\/div>\n\t\t<\/div>\n\t\t\t\t\t\t<\/div>\n\t\t\t\t<\/div>\n\t\t\t\t<div class=\"elementor-element elementor-element-397a61c flex-horizontal-align-default flex-horizontal-align-tablet-default flex-horizontal-align-mobile-default flex-vertical-align-default flex-vertical-align-tablet-default flex-vertical-align-mobile-default elementor-widget elementor-widget-thegem-template-post-info\" data-id=\"397a61c\" data-element_type=\"widget\" data-e-type=\"widget\" data-widget_type=\"thegem-template-post-info.default\">\n\t\t\t\t<div class=\"elementor-widget-container\">\n\t\t\t\t\t\t\t\t<div class=\"thegem-te-post-info post-info--modern post-info--horizontal post-info--left post-info--divider-show\">\r\n\t\t\t\t<div class=\"post-info\"><div class=\"post-info-item post-info-item-date title-h5\"><a class=\"date\" href=\"https:\/\/www.fiwonline.de\/en\/2024\/08\/02\/\">02.08.2024<\/a><\/div><\/div>\r\n\t\t\t<\/div>\r\n\t\t\t\t\t\t\t\t\t<\/div>\n\t\t\t\t<\/div>\n\t\t\t\t<div class=\"elementor-element elementor-element-7dc1a869 flex-horizontal-align-default flex-horizontal-align-tablet-default flex-horizontal-align-mobile-default flex-vertical-align-default flex-vertical-align-tablet-default flex-vertical-align-mobile-default elementor-widget elementor-widget-thegem-template-post-title\" data-id=\"7dc1a869\" data-element_type=\"widget\" data-e-type=\"widget\" data-widget_type=\"thegem-template-post-title.default\">\n\t\t\t\t<div class=\"elementor-widget-container\">\n\t\t\t\t\t<div class=\"thegem-te-post-title\"> <h3 class=\"post-title\"> <span>EU-Kommission konsultiert zu Leitlinien zum Behinderungsmissbrauch<\/span> <\/h3> <\/div>\t\t\t\t<\/div>\n\t\t\t\t<\/div>\n\t\t<div class=\"elementor-element elementor-element-76b3ee35 e-con-full e-flex e-con e-child\" data-id=\"76b3ee35\" data-element_type=\"container\" data-e-type=\"container\" data-settings=\"{&quot;background_background&quot;:&quot;gradient&quot;}\">\r\n\t\t\t\t<div class=\"elementor-element elementor-element-760a0f31 flex-horizontal-align-default flex-horizontal-align-tablet-default flex-horizontal-align-mobile-default flex-vertical-align-default flex-vertical-align-tablet-default flex-vertical-align-mobile-default elementor-widget elementor-widget-text-editor\" data-id=\"760a0f31\" data-element_type=\"widget\" data-e-type=\"widget\" data-widget_type=\"text-editor.default\">\n\t\t\t\t<div class=\"elementor-widget-container\">\n\t\t\t\t\t\t\t\t\t\t\t\t<div class=\"elementor-text-editor elementor-clearfix\">\r\n\t\t\t\t\t\t<div class=\"title-h6\">EU<br \/>Missbrauchskontrolle<br \/>Marktbeherrschung<br \/>Behinderungsmissbrauch<br \/>Leitlinien<\/div>\t\t\t\t\t\t\t<\/div>\r\n\t\t\t\t\t\t\t\t\t\t<\/div>\n\t\t\t\t<\/div>\n\t\t\t\t<\/div>\n\t\t<div class=\"elementor-element elementor-element-681086e4 e-flex e-con-boxed e-con e-child\" data-id=\"681086e4\" data-element_type=\"container\" data-e-type=\"container\">\r\n\t\t\t\t\t<div class=\"e-con-inner\">\r\n\t\t\t\t<div class=\"elementor-element elementor-element-70bd13ff flex-horizontal-align-default flex-horizontal-align-tablet-default flex-horizontal-align-mobile-default flex-vertical-align-default flex-vertical-align-tablet-default flex-vertical-align-mobile-default elementor-widget elementor-widget-text-editor\" data-id=\"70bd13ff\" data-element_type=\"widget\" data-e-type=\"widget\" data-widget_type=\"text-editor.default\">\n\t\t\t\t<div class=\"elementor-widget-container\">\n\t\t\t\t\t\t\t\t\t\t\t\t<div class=\"elementor-text-editor elementor-clearfix\">\r\n\t\t\t\t\t\t<p>PM und Konsultationsdokument zum Herunterladen am Ende (in verschiedenen Sprachen): <a href=\"https:\/\/competition-policy.ec.europa.eu\/public-consultations\/2024-article-102-guidelines_en\">2024 article 102 guidelines &#8211; European Commission (europa.eu)<\/a> mit dem Kon<\/p>\n\n<p>Die EU-Kommission hat am 1. August 2024 den Entwurf von Leitlinien zu Art. 102 AEUV \u00fcber den Missbrauch einer marktbeherrschenden Stellung durch Behinderungsmissbrauch ver\u00f6ffentlicht. Sie bittet dazu um R\u00fcckmeldungen bis zum 31. Oktober 2024. Die Kommission plant derzeit, die Leitlinien im Laufe des Jahres 2025 fertigzustellen. Nach Verabschiedung der neuen Leitlinien soll die 2008 ver\u00f6ffentlichte <a href=\"https:\/\/eur-lex.europa.eu\/legal-content\/de\/txt\/pdf\/?uri=celex:52009xc0224(01)&#038;from=en\">Mitteilung<\/a> zu den Durchsetzungspriorit\u00e4ten zur\u00fcckgezogen werden.<\/p>\n\n<p>Die Kommission will mit den Leitlinien k\u00fcnftig mehr Klarheit und Vorhersehbarkeit in Bezug auf den allgemeinen Pr\u00fcfungsrahmen f\u00fcr F\u00e4lle von Behinderungsmissbrauch durch Unternehmen in marktbeherrschender Stellung schaffen. Sie sollen die Rechtssicherheit bei der Rechtsanwendung erh\u00f6hen und die Rechtsprechung der EU-Gerichte sowie die umfangreichen Erfahrungen der Kommission bei der Durchsetzung von Artikel 102 AEUV widerspiegeln.<\/p>\n\n<p><strong>Hintergrund:<\/strong><\/p>\n\n<p>Bislang gibt es keine Leitlinien zur n\u00e4heren Erl\u00e4uterung des Anwendungsbereichs von Art. 102 AEUV. Die Kommission hatte lediglich 2008 ihre Durchsetzungspriorit\u00e4ten in diesem Bereich in Form einer <a href=\"https:\/\/eur-lex.europa.eu\/legal-content\/de\/txt\/pdf\/?uri=celex:52009xc0224(01)&#038;from=en\">Mitteilung<\/a> ver\u00f6ffentlicht und im M\u00e4rz 2023 aktualisiert. Der Leitlinienentwurf enth\u00e4lt insbesondere Orientierungshilfen zu verschiedenen Fragen im Zusammenhang mit Behinderungsmissbrauch durch marktbeherrschende Unternehmen, unter anderem:<\/p>\n\n<ul>\n    <li><strong>zum Zweck der Durchsetzung des Wettbewerbsrechts<\/strong> und zum Konzept des Verbraucherwohls im EU-Recht, auch in Bezug auf Behinderungsmissbrauch<\/li>\n    <li><strong>zu den wichtigsten Grunds\u00e4tzen<\/strong> f\u00fcr die Beurteilung einer alleinigen und einer kollektiven marktbeherrschenden Stellung<\/li>\n    <li><strong>zur Anwendung allgemeiner Grunds\u00e4tze<\/strong> f\u00fcr die Feststellung, ob ein Verhalten eines marktbeherrschenden Unternehmens wahrscheinlich einen Missbrauch darstellt, und insbesondere zu den Begriffen \u201eLeistungswettbewerb\u201c und \u201eVerdr\u00e4ngungswirkungen\u201c<\/li>\n    <li><strong>zu den erforderlichen Beweisen.<\/strong> Es wird unterschieden zwischen: i) Kategorien von Verhaltensweisen, f\u00fcr die der Nachweis erbracht werden muss, dass sie Verdr\u00e4ngungswirkungen entfalten k\u00f6nnen, ii) Kategorien von Verhaltensweisen, die ein hohes Potenzial haben, zu Verdr\u00e4ngungswirkungen zu f\u00fchren, und iii) reinen Beschr\u00e4nkungen, die automatisch zu Verdr\u00e4ngungswirkungen f\u00fchren<\/li>\n    <li><strong>zum materiellrechtlichen Ma\u00dfstab<\/strong> f\u00fcr die Feststellung von Verdr\u00e4ngungswirkungen;<\/li>\n    <li><strong>zum Analyserahmen f\u00fcr bestimmte Verhaltensweisen<\/strong> marktbeherrschender Unternehmen. Es wird unterschieden zwischen: 1.) Verhaltensweisen, die spezifischen, in der EU-Rechtsprechung verankerten rechtlichen Pr\u00fcfungen unterliegen (d. h. Ausschlie\u00dflichkeitsbindungen, Kopplung und B\u00fcndelung, Lieferverweigerung, Verdr\u00e4ngungspreise und Kosten-Preis-Schere), und 2.) Verhaltensweisen, die keinen spezifischen rechtlichen Pr\u00fcfungen unterliegen (d. h. bedingte Rabatte, B\u00fcndel- oder Paketrabatte, Selbstbevorzugung und Zugangsbeschr\u00e4nkungen);<\/li>\n    <li><strong>zu den allgemeinen Grunds\u00e4tzen f\u00fcr die Beurteilung objektiver Rechtfertigungen<\/strong>, die das beherrschende Unternehmen vorbringen kann.<\/li>\n<\/ul>\t\t\t\t\t\t\t<\/div>\r\n\t\t\t\t\t\t\t\t\t\t<\/div>\n\t\t\t\t<\/div>\n\t\t\t\t<div class=\"elementor-element elementor-element-46e7b4d flex-horizontal-align-default flex-horizontal-align-tablet-default flex-horizontal-align-mobile-default flex-vertical-align-default flex-vertical-align-tablet-default flex-vertical-align-mobile-default elementor-widget elementor-widget-spacer\" data-id=\"46e7b4d\" data-element_type=\"widget\" data-e-type=\"widget\" data-widget_type=\"spacer.default\">\n\t\t\t\t<div class=\"elementor-widget-container\">\n\t\t\t\t\t\t\t<div class=\"elementor-spacer\">\n\t\t\t<div class=\"elementor-spacer-inner\"><\/div>\n\t\t<\/div>\n\t\t\t\t\t\t<\/div>\n\t\t\t\t<\/div>\n\t\t\t\t\t<\/div>\n\t\t\t\t<\/div>\n\t\t\t\t\t<\/div>\n\t\t\t\t<\/div>\n\t\t<div class=\"elementor-element elementor-element-7d8c1d29 e-flex e-con-boxed e-con e-parent\" data-id=\"7d8c1d29\" data-element_type=\"container\" data-e-type=\"container\">\r\n\t\t\t\t\t<div class=\"e-con-inner\">\r\n\t\t\t\t<div class=\"elementor-element elementor-element-6e2fe24c flex-horizontal-align-default flex-horizontal-align-tablet-default flex-horizontal-align-mobile-default flex-vertical-align-default flex-vertical-align-tablet-default flex-vertical-align-mobile-default elementor-widget elementor-widget-thegem-template-post-navigation\" data-id=\"6e2fe24c\" data-element_type=\"widget\" data-e-type=\"widget\" data-widget_type=\"thegem-template-post-navigation.default\">\n\t\t\t\t<div class=\"elementor-widget-container\">\n\t\t\t\t\t<div class=\"thegem-te-post-navigation post-nav--justified post-label--hide post-arrows--simple\"> <nav class=\"navigation post-navigation\" aria-label=\"Posts\"> <h2 class=\"screen-reader-text\">Post navigation<\/h2> <div class=\"nav-links\"><div class=\"nav-previous\"><a href=\"https:\/\/www.fiwonline.de\/en\/verbaendebrief-zur-12-gwb-novelle-wg-behoerdlicher-rechtsdurchsetzung-im-verbraucherschutz\/\" rel=\"prev\"><i class=\"meta-icon\"><\/i><span class=\"meta-nav\" aria-hidden=\"true\"><span class=\"post-title\"><span class=\"title-h5\">Verb\u00e4ndebrief zur 12. GWB-Novelle wg. beh\u00f6rdlicher Rechtsdurchsetzung im Verbraucherschutz<\/span><\/span><\/span><\/a><\/div><div class=\"nav-next\"><a href=\"https:\/\/www.fiwonline.de\/en\/usa-eu-und-uk-zu-wettbewerb-bei-generativen-ki-grundmodellen-und-ki-produkten\/\" rel=\"next\"><span class=\"meta-nav\" aria-hidden=\"true\"><span class=\"post-title\"><span class=\"title-h5\">USA, EU und UK zu Wettbewerb bei generativen KI-Grundmodellen und KI-Produkten<\/span><\/span><\/span><i class=\"meta-icon\"><\/i><\/a><\/div><\/div> <\/nav> <\/div>\t\t\t\t<\/div>\n\t\t\t\t<\/div>\n\t\t\t\t<div class=\"elementor-element elementor-element-20c5ca85 flex-horizontal-align-default flex-horizontal-align-tablet-default flex-horizontal-align-mobile-default flex-vertical-align-default flex-vertical-align-tablet-default flex-vertical-align-mobile-default elementor-widget elementor-widget-spacer\" data-id=\"20c5ca85\" data-element_type=\"widget\" data-e-type=\"widget\" data-widget_type=\"spacer.default\">\n\t\t\t\t<div class=\"elementor-widget-container\">\n\t\t\t\t\t\t\t<div class=\"elementor-spacer\">\n\t\t\t<div class=\"elementor-spacer-inner\"><\/div>\n\t\t<\/div>\n\t\t\t\t\t\t<\/div>\n\t\t\t\t<\/div>\n\t\t\t\t\t<\/div>\n\t\t\t\t<\/div>\n\t\t\t\t<\/div>","protected":false},"excerpt":{"rendered":"<p>30.09.2024 EU-Kommission konsultiert zu Leitlinien zum Behinderungsmissbrauch EUMissbrauchskontrolleMarktbeherrschungBehinderungsmissbrauchLeitlinien PM und Konsultationsdokument zum Herunterladen am Ende (in verschiedenen Sprachen): 2024 article&#8230;<\/p>","protected":false},"author":3,"featured_media":0,"comment_status":"closed","ping_status":"closed","sticky":false,"template":"","format":"standard","meta":{"_acf_changed":false,"footnotes":""},"categories":[1],"tags":[107,50,108,106,94],"tp-datum":[],"tp-veranstaltung":[],"post_folder":[1239],"class_list":{"0":"post-2931","1":"post","2":"type-post","3":"status-publish","4":"format-standard","6":"category-allgemein","7":"tag-behinderungsmissbrauch","8":"tag-eu","9":"tag-leitlinien","10":"tag-marktbeherrschung","11":"tag-missbrauchskontrolle"},"acf":[],"menu_order":108,"_links":{"self":[{"href":"https:\/\/www.fiwonline.de\/en\/wp-json\/wp\/v2\/posts\/2931","targetHints":{"allow":["GET"]}}],"collection":[{"href":"https:\/\/www.fiwonline.de\/en\/wp-json\/wp\/v2\/posts"}],"about":[{"href":"https:\/\/www.fiwonline.de\/en\/wp-json\/wp\/v2\/types\/post"}],"author":[{"embeddable":true,"href":"https:\/\/www.fiwonline.de\/en\/wp-json\/wp\/v2\/users\/3"}],"replies":[{"embeddable":true,"href":"https:\/\/www.fiwonline.de\/en\/wp-json\/wp\/v2\/comments?post=2931"}],"version-history":[{"count":0,"href":"https:\/\/www.fiwonline.de\/en\/wp-json\/wp\/v2\/posts\/2931\/revisions"}],"wp:attachment":[{"href":"https:\/\/www.fiwonline.de\/en\/wp-json\/wp\/v2\/media?parent=2931"}],"wp:term":[{"taxonomy":"category","embeddable":true,"href":"https:\/\/www.fiwonline.de\/en\/wp-json\/wp\/v2\/categories?post=2931"},{"taxonomy":"post_tag","embeddable":true,"href":"https:\/\/www.fiwonline.de\/en\/wp-json\/wp\/v2\/tags?post=2931"},{"taxonomy":"tp-datum","embeddable":true,"href":"https:\/\/www.fiwonline.de\/en\/wp-json\/wp\/v2\/tp-datum?post=2931"},{"taxonomy":"tp-veranstaltung","embeddable":true,"href":"https:\/\/www.fiwonline.de\/en\/wp-json\/wp\/v2\/tp-veranstaltung?post=2931"},{"taxonomy":"post_folder","embeddable":true,"href":"https:\/\/www.fiwonline.de\/en\/wp-json\/wp\/v2\/post_folder?post=2931"}],"curies":[{"name":"wp","href":"https:\/\/api.w.org\/{rel}","templated":true}]}}