{"id":2933,"date":"2024-07-29T11:00:03","date_gmt":"2024-07-29T09:00:03","guid":{"rendered":"https:\/\/www.fiwonline.de\/?p=2933"},"modified":"2024-09-30T03:21:06","modified_gmt":"2024-09-30T01:21:06","slug":"ursula-von-der-leyen-politische-prioritaeten-fuer-neue-wahlperiode-fokus-wettbewerbsrecht","status":"publish","type":"post","link":"https:\/\/www.fiwonline.de\/en\/ursula-von-der-leyen-politische-prioritaeten-fuer-neue-wahlperiode-fokus-wettbewerbsrecht\/","title":{"rendered":"Ursula von der Leyen: politische Priorit\u00e4ten f\u00fcr neue Wahlperiode (Fokus Wettbewerbsrecht)"},"content":{"rendered":"<div data-elementor-type=\"wp-post\" data-elementor-id=\"2933\" class=\"elementor elementor-2933\">\n\t\t\t\t<div class=\"elementor-element elementor-element-66b20c17 e-flex e-con-boxed e-con e-parent\" data-id=\"66b20c17\" data-element_type=\"container\" data-e-type=\"container\">\r\n\t\t\t\t\t<div class=\"e-con-inner\">\r\n\t\t\t\t<div class=\"elementor-element elementor-element-1c38fac2 flex-horizontal-align-default flex-horizontal-align-tablet-default flex-horizontal-align-mobile-default flex-vertical-align-default flex-vertical-align-tablet-default flex-vertical-align-mobile-default elementor-widget elementor-widget-spacer\" data-id=\"1c38fac2\" data-element_type=\"widget\" data-e-type=\"widget\" data-widget_type=\"spacer.default\">\n\t\t\t\t<div class=\"elementor-widget-container\">\n\t\t\t\t\t\t\t<div class=\"elementor-spacer\">\n\t\t\t<div class=\"elementor-spacer-inner\"><\/div>\n\t\t<\/div>\n\t\t\t\t\t\t<\/div>\n\t\t\t\t<\/div>\n\t\t\t\t<div class=\"elementor-element elementor-element-16b7fcdd flex-horizontal-align-default flex-horizontal-align-tablet-default flex-horizontal-align-mobile-default flex-vertical-align-default flex-vertical-align-tablet-default flex-vertical-align-mobile-default elementor-widget elementor-widget-thegem-template-post-info\" data-id=\"16b7fcdd\" data-element_type=\"widget\" data-e-type=\"widget\" data-widget_type=\"thegem-template-post-info.default\">\n\t\t\t\t<div class=\"elementor-widget-container\">\n\t\t\t\t\t\t\t\t<div class=\"thegem-te-post-info post-info--modern post-info--horizontal post-info--left post-info--divider-show\">\r\n\t\t\t\t<div class=\"post-info\"><div class=\"post-info-item post-info-item-date title-h5\"><a class=\"date\" href=\"https:\/\/www.fiwonline.de\/en\/2024\/07\/29\/\">29.07.2024<\/a><\/div><\/div>\r\n\t\t\t<\/div>\r\n\t\t\t\t\t\t\t\t\t<\/div>\n\t\t\t\t<\/div>\n\t\t\t\t<div class=\"elementor-element elementor-element-127c14cf flex-horizontal-align-default flex-horizontal-align-tablet-default flex-horizontal-align-mobile-default flex-vertical-align-default flex-vertical-align-tablet-default flex-vertical-align-mobile-default elementor-widget elementor-widget-thegem-template-post-title\" data-id=\"127c14cf\" data-element_type=\"widget\" data-e-type=\"widget\" data-widget_type=\"thegem-template-post-title.default\">\n\t\t\t\t<div class=\"elementor-widget-container\">\n\t\t\t\t\t<div class=\"thegem-te-post-title\"> <h3 class=\"post-title\"> <span>Ursula von der Leyen: politische Priorit\u00e4ten f\u00fcr neue Wahlperiode (Fokus Wettbewerbsrecht)<\/span> <\/h3> <\/div>\t\t\t\t<\/div>\n\t\t\t\t<\/div>\n\t\t<div class=\"elementor-element elementor-element-5788cad e-con-full e-flex e-con e-child\" data-id=\"5788cad\" data-element_type=\"container\" data-e-type=\"container\" data-settings=\"{&quot;background_background&quot;:&quot;gradient&quot;}\">\r\n\t\t\t\t<div class=\"elementor-element elementor-element-37f06d85 flex-horizontal-align-default flex-horizontal-align-tablet-default flex-horizontal-align-mobile-default flex-vertical-align-default flex-vertical-align-tablet-default flex-vertical-align-mobile-default elementor-widget elementor-widget-text-editor\" data-id=\"37f06d85\" data-element_type=\"widget\" data-e-type=\"widget\" data-widget_type=\"text-editor.default\">\n\t\t\t\t<div class=\"elementor-widget-container\">\n\t\t\t\t\t\t\t\t\t\t\t\t<div class=\"elementor-text-editor elementor-clearfix\">\r\n\t\t\t\t\t\t<div class=\"title-h6\">EU<br \/>EP<br \/>Ursula von der Leyen<br \/>Wettbewerbsrecht<\/div>\n\t\t\t\t\t\t\t<\/div>\r\n\t\t\t\t\t\t\t\t\t\t<\/div>\n\t\t\t\t<\/div>\n\t\t\t\t<\/div>\n\t\t<div class=\"elementor-element elementor-element-5839fc02 e-flex e-con-boxed e-con e-child\" data-id=\"5839fc02\" data-element_type=\"container\" data-e-type=\"container\">\r\n\t\t\t\t\t<div class=\"e-con-inner\">\r\n\t\t\t\t<div class=\"elementor-element elementor-element-547274a flex-horizontal-align-default flex-horizontal-align-tablet-default flex-horizontal-align-mobile-default flex-vertical-align-default flex-vertical-align-tablet-default flex-vertical-align-mobile-default elementor-widget elementor-widget-text-editor\" data-id=\"547274a\" data-element_type=\"widget\" data-e-type=\"widget\" data-widget_type=\"text-editor.default\">\n\t\t\t\t<div class=\"elementor-widget-container\">\n\t\t\t\t\t\t\t\t\t\t\t\t<div class=\"elementor-text-editor elementor-clearfix\">\r\n\t\t\t\t\t\t<p>PM zur Wiederwahl: <a href=\"https:\/\/germany.representation.ec.europa.eu\/news\/401-ja-stimmen-ursula-von-der-leyen-vom-europaparlament-als-kommissionsprasidentin-wiedergewahlt-2024-07-18_de\">401 Ja-Stimmen: Ursula von der Leyen vom Europaparlament als Kommissionspr\u00e4sidentin wiedergew\u00e4hlt &#8211; Europ\u00e4ische Kommission<\/a><\/p>\n<p>Rede: <a href=\"https:\/\/eur04.safelinks.protection.outlook.com\/?url=https%3a%2f%2fec.europa.eu%2fcommission%2fpresscorner%2fdetail%2fde%2fstatement_24_3871&amp;data=05%7c02%7cu.suchsland%40bdi.eu%7c4b9cb3569cd348a1380208dca7ef78fb%7cc5bfe5a6c213431b92a4ca23bb890a78%7c1%7c0%7c638569894172712007%7cunknown%7ctwfpbgzsb3d8eyjwijoimc4wljawmdailcjqijoiv2lumziilcjbtii6ik1hawwilcjxvci6mn0%3d%7c0%7c%7c%7c&amp;sdata=sglyfotg0eiyl%2b3vzxzaclu%2bbs0rio2tow%2baqr6quk4%3d&amp;reserved=0\">Erkl\u00e4rung von Kandidatin Ursula von der Leyen (europa.eu)<\/a><\/p>\n<p>Leitlinien 2024-2029: <a href=\"https:\/\/eur04.safelinks.protection.outlook.com\/?url=https%3a%2f%2fcommission.europa.eu%2fdocument%2fdownload%2fe6cd4328-673c-4e7a-8683-f63ffb2cf648_en%3ffilename%3dpolitical%2520guidelines%25202024-2029_en.pdf&amp;data=05%7c02%7cu.suchsland%40bdi.eu%7c4b9cb3569cd348a1380208dca7ef78fb%7cc5bfe5a6c213431b92a4ca23bb890a78%7c1%7c0%7c638569894172724132%7cunknown%7ctwfpbgzsb3d8eyjwijoimc4wljawmdailcjqijoiv2lumziilcjbtii6ik1hawwilcjxvci6mn0%3d%7c0%7c%7c%7c&amp;sdata=2gzatxgmhjc5xsbp8erbnw56jxjt7etcvsrmpuipqmc%3d&amp;reserved=0\">e6cd4328-673c-4e7a-8683-f63ffb2cf648_en (europa.eu)<\/a><\/p>\n<p>Am 18.07.2024 hat das Europ\u00e4ische Parlament (EP) die Nominierung von Ursula von der Leyen f\u00fcr eine zweite Amtszeit als EU-Kommissionspr\u00e4sidenten mit einer Mehrheit von 401 Stimmen best\u00e4tigt (284 Nein, 15 Enthaltungen, 7 ung\u00fcltig). Zur Wiederwahl h\u00e4tte sie 361 Stimmen ben\u00f6tigt.<\/p>\n<p>Zuvor hatte U. von der Leyen in einer Rede im EP ihre politischen Priorit\u00e4ten f\u00fcr die neue Legislaturperiode vorgestellt und um die Unterst\u00fctzung der Europaabgeordneten geworben. Bereits am Vormittag hatte sie unter dem Titel \u201eEurope\u2019s Choice\u201c ihre politischen Leitlinien 2024-2029 ver\u00f6ffentlicht: einen Plan f\u00fcr europ\u00e4ische St\u00e4rke und Einheit. Priorit\u00e4t habe Wohlstand und Wettbewerbsf\u00e4higkeit, daf\u00fcr m\u00fcsse Europa <em>\u201eeinen Gang hochschalten\u201c.<\/em> Ihre politischen Leitlinien enthalten teilweise Hinweise auf konkrete Ma\u00dfnahmen in den Bereichen Binnenmarkt, B\u00fcrokratieabbau, \u201eClean Industrial Deal\u201c, Kreislaufwirtschaft, Digitales oder Investitionen. Auch weitere Themen wie Verteidigung oder Rechtsstaatlichkeit im Binnenmarkt werden adressiert.<\/p>\n<p><u>Fokus Wettbewerbspolitik:<\/u><\/p>\n<p>U. von der Leyen setzt einen klaren <u>Fokus auf europ\u00e4ische F\u00f6rderma\u00dfnahmen<\/u>, inklusive der Ank\u00fcndigung eines neuen <em>EU Competitiveness Fund<\/em>, der unter anderem Clean Tech, aber auch K\u00fcnstliche Intelligenz f\u00f6rdern soll. Dieser Wettbewerbsfonds soll auch wichtige Projekte von gemeinsamem Interesse (IPCEI) unterst\u00fctzen, damit Europa seine kollektive St\u00e4rke nutzen kann, um gemeinsam in ehrgeizige gemeinsame Projekte zu investieren, wie es bereits in kleinerem Ma\u00dfstab mit Batterien, Wasserstoff und Mikroelektronik geschehen sei. Es sei daf\u00fcr zu sorgen, dass IPCEI einfacher und schneller finanziert und auf den Weg gebracht werden k\u00f6nnen. Die erste Reihe neuer gemeinsamer Projekte solle Anfang 2025 vorgeschlagen werden.<\/p>\n<p>Bei der <u>Fusionskontrolle<\/u> beabsichtigt U. von der Leyen, gegen \u201eKiller-Akquisitionen\u201c vorzugehen. So m\u00f6chte sie Unternehmen unterst\u00fctzen, deren \u201eGr\u00f6\u00dfe und Finanzierungskapazit\u00e4t nicht mit der von Gro\u00dfkonzernen vergleichbar ist\u201c. Diese seien oft das Ziel \u201em\u00f6rderischer \u00dcbernahmen durch ausl\u00e4ndische Unternehmen\u201c, welche jene als m\u00f6gliche k\u00fcnftige Wettbewerber ausschalten m\u00f6chten. Andererseits m\u00f6chte U. von der Leyen ebenfalls europ\u00e4ische Unternehmen, die auf den globalen M\u00e4rkten expandieren wollen, st\u00e4rker unterst\u00fctzen, wobei sie aber auf gleichen Wettbewerbsbedingungen besteht: \u201e<em>I believe we need a new approach to competition policy, better geared to our common goals and more supportive of companies scaling up in global markets &#8211; while always ensuring a level playing field.<\/em> <em>This should be reflected in the way we assess mergers so that innovation and resilience are fully taken into account. We will ensure competition policy keeps pace with evolving global markets and prevents market concentration from raising prices or lowering the quality of goods or services for consumers.\u201d<\/em><\/p>\n\t\t\t\t\t\t\t<\/div>\r\n\t\t\t\t\t\t\t\t\t\t<\/div>\n\t\t\t\t<\/div>\n\t\t\t\t<div class=\"elementor-element elementor-element-74be7415 flex-horizontal-align-default flex-horizontal-align-tablet-default flex-horizontal-align-mobile-default flex-vertical-align-default flex-vertical-align-tablet-default flex-vertical-align-mobile-default elementor-widget elementor-widget-spacer\" data-id=\"74be7415\" data-element_type=\"widget\" data-e-type=\"widget\" data-widget_type=\"spacer.default\">\n\t\t\t\t<div class=\"elementor-widget-container\">\n\t\t\t\t\t\t\t<div class=\"elementor-spacer\">\n\t\t\t<div class=\"elementor-spacer-inner\"><\/div>\n\t\t<\/div>\n\t\t\t\t\t\t<\/div>\n\t\t\t\t<\/div>\n\t\t\t\t\t<\/div>\n\t\t\t\t<\/div>\n\t\t\t\t\t<\/div>\n\t\t\t\t<\/div>\n\t\t<div class=\"elementor-element elementor-element-6913f40e e-flex e-con-boxed e-con e-parent\" data-id=\"6913f40e\" data-element_type=\"container\" data-e-type=\"container\">\r\n\t\t\t\t\t<div class=\"e-con-inner\">\r\n\t\t\t\t<div class=\"elementor-element elementor-element-2767a28d flex-horizontal-align-default flex-horizontal-align-tablet-default flex-horizontal-align-mobile-default flex-vertical-align-default flex-vertical-align-tablet-default flex-vertical-align-mobile-default elementor-widget elementor-widget-thegem-template-post-navigation\" data-id=\"2767a28d\" data-element_type=\"widget\" data-e-type=\"widget\" data-widget_type=\"thegem-template-post-navigation.default\">\n\t\t\t\t<div class=\"elementor-widget-container\">\n\t\t\t\t\t<div class=\"thegem-te-post-navigation post-nav--justified post-label--hide post-arrows--simple\"> <nav class=\"navigation post-navigation\" aria-label=\"Posts\"> <h2 class=\"screen-reader-text\">Post navigation<\/h2> <div class=\"nav-links\"><div class=\"nav-previous\"><a href=\"https:\/\/www.fiwonline.de\/en\/gutachten-zum-thema-kartellrecht-und-nachhaltigkeit-des-wissenschaftlichen-beirats-beim-bmwk\/\" rel=\"prev\"><i class=\"meta-icon\"><\/i><span class=\"meta-nav\" aria-hidden=\"true\"><span class=\"post-title\"><span class=\"title-h5\">Gutachten zum Thema \u201eKartellrecht und Nachhaltigkeit\u201c des Wissenschaftlichen Beirats beim BMWK<\/span><\/span><\/span><\/a><\/div><div class=\"nav-next\"><a href=\"https:\/\/www.fiwonline.de\/en\/verbaendebrief-zur-12-gwb-novelle-wg-behoerdlicher-rechtsdurchsetzung-im-verbraucherschutz\/\" rel=\"next\"><span class=\"meta-nav\" aria-hidden=\"true\"><span class=\"post-title\"><span class=\"title-h5\">Verb\u00e4ndebrief zur 12. GWB-Novelle wg. beh\u00f6rdlicher Rechtsdurchsetzung im Verbraucherschutz<\/span><\/span><\/span><i class=\"meta-icon\"><\/i><\/a><\/div><\/div> <\/nav> <\/div>\t\t\t\t<\/div>\n\t\t\t\t<\/div>\n\t\t\t\t<div class=\"elementor-element elementor-element-789e694 flex-horizontal-align-default flex-horizontal-align-tablet-default flex-horizontal-align-mobile-default flex-vertical-align-default flex-vertical-align-tablet-default flex-vertical-align-mobile-default elementor-widget elementor-widget-spacer\" data-id=\"789e694\" data-element_type=\"widget\" data-e-type=\"widget\" data-widget_type=\"spacer.default\">\n\t\t\t\t<div class=\"elementor-widget-container\">\n\t\t\t\t\t\t\t<div class=\"elementor-spacer\">\n\t\t\t<div class=\"elementor-spacer-inner\"><\/div>\n\t\t<\/div>\n\t\t\t\t\t\t<\/div>\n\t\t\t\t<\/div>\n\t\t\t\t\t<\/div>\n\t\t\t\t<\/div>\n\t\t\t\t<\/div>","protected":false},"excerpt":{"rendered":"<p>30.09.2024 Ursula von der Leyen: politische Priorit\u00e4ten f\u00fcr neue Wahlperiode (Fokus Wettbewerbsrecht) EUEPUrsula von der LeyenWettbewerbsrecht PM zur Wiederwahl: 401&#8230;<\/p>","protected":false},"author":3,"featured_media":0,"comment_status":"closed","ping_status":"closed","sticky":false,"template":"","format":"standard","meta":{"_acf_changed":false,"footnotes":""},"categories":[58,1,115,66,116,117],"tags":[118,50,119,120],"tp-datum":[],"tp-veranstaltung":[],"post_folder":[1239],"class_list":{"0":"post-2933","1":"post","2":"type-post","3":"status-publish","4":"format-standard","6":"category-aktuelles","7":"category-allgemein","8":"category-ep","9":"category-eu","10":"category-ursula-von-der-leyen","11":"category-wettbewerbsrecht","12":"tag-ep","13":"tag-eu","14":"tag-ursula-von-der-leyen","15":"tag-wettbewerbsrecht"},"acf":[],"menu_order":110,"_links":{"self":[{"href":"https:\/\/www.fiwonline.de\/en\/wp-json\/wp\/v2\/posts\/2933","targetHints":{"allow":["GET"]}}],"collection":[{"href":"https:\/\/www.fiwonline.de\/en\/wp-json\/wp\/v2\/posts"}],"about":[{"href":"https:\/\/www.fiwonline.de\/en\/wp-json\/wp\/v2\/types\/post"}],"author":[{"embeddable":true,"href":"https:\/\/www.fiwonline.de\/en\/wp-json\/wp\/v2\/users\/3"}],"replies":[{"embeddable":true,"href":"https:\/\/www.fiwonline.de\/en\/wp-json\/wp\/v2\/comments?post=2933"}],"version-history":[{"count":0,"href":"https:\/\/www.fiwonline.de\/en\/wp-json\/wp\/v2\/posts\/2933\/revisions"}],"wp:attachment":[{"href":"https:\/\/www.fiwonline.de\/en\/wp-json\/wp\/v2\/media?parent=2933"}],"wp:term":[{"taxonomy":"category","embeddable":true,"href":"https:\/\/www.fiwonline.de\/en\/wp-json\/wp\/v2\/categories?post=2933"},{"taxonomy":"post_tag","embeddable":true,"href":"https:\/\/www.fiwonline.de\/en\/wp-json\/wp\/v2\/tags?post=2933"},{"taxonomy":"tp-datum","embeddable":true,"href":"https:\/\/www.fiwonline.de\/en\/wp-json\/wp\/v2\/tp-datum?post=2933"},{"taxonomy":"tp-veranstaltung","embeddable":true,"href":"https:\/\/www.fiwonline.de\/en\/wp-json\/wp\/v2\/tp-veranstaltung?post=2933"},{"taxonomy":"post_folder","embeddable":true,"href":"https:\/\/www.fiwonline.de\/en\/wp-json\/wp\/v2\/post_folder?post=2933"}],"curies":[{"name":"wp","href":"https:\/\/api.w.org\/{rel}","templated":true}]}}