{"id":2934,"date":"2024-07-27T10:00:19","date_gmt":"2024-07-27T08:00:19","guid":{"rendered":"https:\/\/www.fiwonline.de\/?p=2934"},"modified":"2024-09-30T03:20:46","modified_gmt":"2024-09-30T01:20:46","slug":"gutachten-zum-thema-kartellrecht-und-nachhaltigkeit-des-wissenschaftlichen-beirats-beim-bmwk","status":"publish","type":"post","link":"https:\/\/www.fiwonline.de\/en\/gutachten-zum-thema-kartellrecht-und-nachhaltigkeit-des-wissenschaftlichen-beirats-beim-bmwk\/","title":{"rendered":"Gutachten zum Thema \u201eKartellrecht und Nachhaltigkeit\u201c des Wissenschaftlichen Beirats beim BMWK"},"content":{"rendered":"<div data-elementor-type=\"wp-post\" data-elementor-id=\"2934\" class=\"elementor elementor-2934\">\n\t\t\t\t<div class=\"elementor-element elementor-element-3315bf02 e-flex e-con-boxed e-con e-parent\" data-id=\"3315bf02\" data-element_type=\"container\" data-e-type=\"container\">\r\n\t\t\t\t\t<div class=\"e-con-inner\">\r\n\t\t\t\t<div class=\"elementor-element elementor-element-5d04c7fe flex-horizontal-align-default flex-horizontal-align-tablet-default flex-horizontal-align-mobile-default flex-vertical-align-default flex-vertical-align-tablet-default flex-vertical-align-mobile-default elementor-widget elementor-widget-spacer\" data-id=\"5d04c7fe\" data-element_type=\"widget\" data-e-type=\"widget\" data-widget_type=\"spacer.default\">\n\t\t\t\t<div class=\"elementor-widget-container\">\n\t\t\t\t\t\t\t<div class=\"elementor-spacer\">\n\t\t\t<div class=\"elementor-spacer-inner\"><\/div>\n\t\t<\/div>\n\t\t\t\t\t\t<\/div>\n\t\t\t\t<\/div>\n\t\t\t\t<div class=\"elementor-element elementor-element-45917aa0 flex-horizontal-align-default flex-horizontal-align-tablet-default flex-horizontal-align-mobile-default flex-vertical-align-default flex-vertical-align-tablet-default flex-vertical-align-mobile-default elementor-widget elementor-widget-thegem-template-post-info\" data-id=\"45917aa0\" data-element_type=\"widget\" data-e-type=\"widget\" data-widget_type=\"thegem-template-post-info.default\">\n\t\t\t\t<div class=\"elementor-widget-container\">\n\t\t\t\t\t\t\t\t<div class=\"thegem-te-post-info post-info--modern post-info--horizontal post-info--left post-info--divider-show\">\r\n\t\t\t\t<div class=\"post-info\"><div class=\"post-info-item post-info-item-date title-h5\"><a class=\"date\" href=\"https:\/\/www.fiwonline.de\/en\/2024\/07\/27\/\">27.07.2024<\/a><\/div><\/div>\r\n\t\t\t<\/div>\r\n\t\t\t\t\t\t\t\t\t<\/div>\n\t\t\t\t<\/div>\n\t\t\t\t<div class=\"elementor-element elementor-element-3ca9d08a flex-horizontal-align-default flex-horizontal-align-tablet-default flex-horizontal-align-mobile-default flex-vertical-align-default flex-vertical-align-tablet-default flex-vertical-align-mobile-default elementor-widget elementor-widget-thegem-template-post-title\" data-id=\"3ca9d08a\" data-element_type=\"widget\" data-e-type=\"widget\" data-widget_type=\"thegem-template-post-title.default\">\n\t\t\t\t<div class=\"elementor-widget-container\">\n\t\t\t\t\t<div class=\"thegem-te-post-title\"> <h3 class=\"post-title\"> <span>Gutachten zum Thema \u201eKartellrecht und Nachhaltigkeit\u201c des Wissenschaftlichen Beirats beim BMWK<\/span> <\/h3> <\/div>\t\t\t\t<\/div>\n\t\t\t\t<\/div>\n\t\t<div class=\"elementor-element elementor-element-7ea65c6d e-con-full e-flex e-con e-child\" data-id=\"7ea65c6d\" data-element_type=\"container\" data-e-type=\"container\" data-settings=\"{&quot;background_background&quot;:&quot;gradient&quot;}\">\r\n\t\t\t\t<div class=\"elementor-element elementor-element-3ba9e7ea flex-horizontal-align-default flex-horizontal-align-tablet-default flex-horizontal-align-mobile-default flex-vertical-align-default flex-vertical-align-tablet-default flex-vertical-align-mobile-default elementor-widget elementor-widget-text-editor\" data-id=\"3ba9e7ea\" data-element_type=\"widget\" data-e-type=\"widget\" data-widget_type=\"text-editor.default\">\n\t\t\t\t<div class=\"elementor-widget-container\">\n\t\t\t\t\t\t\t\t\t\t\t\t<div class=\"elementor-text-editor elementor-clearfix\">\r\n\t\t\t\t\t\t<div class=\"title-h6\">D<br \/>BMWK<br \/>Academic Advisory Council<br \/>Wettbewerbsrecht<br \/>Kartellrecht<br \/>Kooperationen<br \/>Nachhaltigkeit<br \/>12. GWB-Novelle<\/div>\n\t\t\t\t\t\t\t<\/div>\r\n\t\t\t\t\t\t\t\t\t\t<\/div>\n\t\t\t\t<\/div>\n\t\t\t\t<\/div>\n\t\t<div class=\"elementor-element elementor-element-65795e1c e-flex e-con-boxed e-con e-child\" data-id=\"65795e1c\" data-element_type=\"container\" data-e-type=\"container\">\r\n\t\t\t\t\t<div class=\"e-con-inner\">\r\n\t\t\t\t<div class=\"elementor-element elementor-element-ed53750 flex-horizontal-align-default flex-horizontal-align-tablet-default flex-horizontal-align-mobile-default flex-vertical-align-default flex-vertical-align-tablet-default flex-vertical-align-mobile-default elementor-widget elementor-widget-text-editor\" data-id=\"ed53750\" data-element_type=\"widget\" data-e-type=\"widget\" data-widget_type=\"text-editor.default\">\n\t\t\t\t<div class=\"elementor-widget-container\">\n\t\t\t\t\t\t\t\t\t\t\t\t<div class=\"elementor-text-editor elementor-clearfix\">\r\n\t\t\t\t\t\t<p>PM des Wissenschaftlichen Beitrats beim BMWK: <a href=\"https:\/\/eur04.safelinks.protection.outlook.com\/?url=https%3a%2f%2fwww.bmwk.de%2fredaktion%2fde%2fpressemitteilungen%2f2024%2f07%2f20240705-kartellrecht-nachhaltigkeit.html&amp;data=05%7c02%7cu.suchsland%40bdi.eu%7c097e383176f2449a481f08dc9cbfc93a%7cc5bfe5a6c213431b92a4ca23bb890a78%7c1%7c0%7c638557594731866836%7cunknown%7ctwfpbgzsb3d8eyjwijoimc4wljawmdailcjqijoiv2lumziilcjbtii6ik1hawwilcjxvci6mn0%3d%7c0%7c%7c%7c&amp;sdata=fycwehrnt%2fma69lvef%2bn5wyrvjny6ychlkexmukqy2o%3d&amp;reserved=0\">Gutachten zum Thema \u201eKartellrecht und Nachhaltigkeit\u201c ver\u00f6ffentlicht<\/a><\/p>\n<p>Gutachten: <a href=\"https:\/\/www.bmwk.de\/redaktion\/de\/downloads\/wissenschaftlicher-beirat\/kartellrecht-und-nachhaltigkeit.pdf?__blob=publicationfile&amp;v=2\">Kartellrecht und Nachhaltigkeit (bmwk.de)<\/a> <a href=\"https:\/\/www.bmwk.de\/redaktion\/de\/downloads\/wissenschaftlicher-beirat\/kartellrecht-und-nachhaltigkeit.pdf?__blob=publicationfile&amp;v=2\">Kartellrecht und Nachhaltigkeit (bmwk.de)<\/a><\/p>\n<p>Am 5. Juli 2024 hat der Wissenschaftliche Beirat beim Bundesministerium f\u00fcr Wirtschaft und Klimaschutz (BMWK) ein Gutachten zum Thema \u201eKartellrecht und Nachhaltigkeit\u201c ver\u00f6ffentlicht. Federf\u00fchrend f\u00fcr das Gutachten war Prof. Bechtold (ETH Z\u00fcrich), das sich mit der Frage befasst, in welcher Weise das Kartellrecht zur Verfolgung von Nachhaltigkeitszielen verwendet werden kann und ob das Kartellrecht reformiert werden sollte, um die Transformation zu einer nachhaltigeren Gesellschaft zu unterst\u00fctzen. Diese Fragestellung spielt auch vor dem Hintergrund der angek\u00fcndigten 12. GWB-Novelle (\u201eEffizienzverbesserungs-Gesetz\u201c) eine Rolle. Dem Vernehmen nach plant das BMWK, den Unternehmen mehr Spielraum f\u00fcr Umweltschutzkooperationen einzur\u00e4umen, als es die EU-Horizontal-Leitlinien f\u00fcr die europ\u00e4ische Ebene zulassen. So sollen im GWB \u201eout-of-market-efficiencies\u201c (Vorteile au\u00dferhalb des relevanten Marktes) im Rahmen der Freistellung vom Kartellverbot bei Umweltschutzkooperationen k\u00fcnftig breiter ber\u00fccksichtigt werden.<\/p>\n<p>Der Wissenschaftliche Beirat verfolgt mit seinem Gutachten allerdings einen gegenteiligen Kurs. So zeigen die Gutachter auf, dass das deutsche und europ\u00e4ische Kartellrecht schon heute vielf\u00e4ltige M\u00f6glichkeiten bietet, um Nachhaltigkeitsaspekte in der Anwendung durch Beh\u00f6rden und Gerichte zu ber\u00fccksichtigen. Eine dar\u00fcber hinausgehende Ber\u00fccksichtigung von Nachhaltigkeitsaspekten lehnt der Beirat ab: <em>\u201eDie Vorstellung, dass eine Beschr\u00e4nkung des Wettbewerbs zu einer Verbesserung der Nachhaltigkeit f\u00fchrt, geht in aller Regel fehl. Indem das Kartellrecht den Wettbewerb an sich sch\u00fctzt, erm\u00f6glicht es Innovationsprozesse, die auch Nachhaltigkeitszielen n\u00fctzen.\u201c<\/em> So spricht sich der Beirat auch gegen ein \u201eInternalisierungsgebot\u201c aus, wonach au\u00dferwettbewerbliche Vorschriften in Zielvorstellungen des Kartellrechts transformiert werden. Bef\u00fcrchtet wird vor allem eine Politisierung des Kartellrechts und ein Verschieben der Aufgabenverteilung von Politik und Markt.<\/p>\n<p>Die ge\u00e4nderten europ\u00e4ischen Horizontalleitlinien seien insofern ausreichend, als sie \u201esafe harbors\u201c f\u00fcr den Informationsaustausch zwischen Unternehmen und f\u00fcr die Setzung von Standards bei Nachhaltigkeitsvereinbarungen schafften. Der Beirat pl\u00e4diert daf\u00fcr, die Kartellbeh\u00f6rden weiterhin auf den Schutz des Wettbewerbsprinzips und die Wahrung der Verbraucherwohlfahrt zu beschr\u00e4nken. Daneben spricht er sich f\u00fcr eine Erh\u00f6hung der Rechtssicherheit bei der Beurteilung von Nachhaltigkeitsvereinbarungen durch die Entwicklung von Leitlinien der Kartellbeh\u00f6rden aus. Auch sollten im Rahmen des Konzepts der Verbraucherwohlfahrt \u00f6konomische Methoden zur umfassenderen Beurteilung von Effizienzgewinnen f\u00fcr die Praxis standardisiert werden. Kooperationen zwischen Wettbewerbern, die zu Nachteilen f\u00fcr die Verbraucher f\u00fchren, die von der Initiative betroffen sind, sollten Wettbewerbsbeh\u00f6rden nicht zulassen.<\/p>\t\t\t\t\t\t\t<\/div>\r\n\t\t\t\t\t\t\t\t\t\t<\/div>\n\t\t\t\t<\/div>\n\t\t\t\t<div class=\"elementor-element elementor-element-ed82c67 flex-horizontal-align-default flex-horizontal-align-tablet-default flex-horizontal-align-mobile-default flex-vertical-align-default flex-vertical-align-tablet-default flex-vertical-align-mobile-default elementor-widget elementor-widget-spacer\" data-id=\"ed82c67\" data-element_type=\"widget\" data-e-type=\"widget\" data-widget_type=\"spacer.default\">\n\t\t\t\t<div class=\"elementor-widget-container\">\n\t\t\t\t\t\t\t<div class=\"elementor-spacer\">\n\t\t\t<div class=\"elementor-spacer-inner\"><\/div>\n\t\t<\/div>\n\t\t\t\t\t\t<\/div>\n\t\t\t\t<\/div>\n\t\t\t\t\t<\/div>\n\t\t\t\t<\/div>\n\t\t\t\t\t<\/div>\n\t\t\t\t<\/div>\n\t\t<div class=\"elementor-element elementor-element-7d858f8c e-flex e-con-boxed e-con e-parent\" data-id=\"7d858f8c\" data-element_type=\"container\" data-e-type=\"container\">\r\n\t\t\t\t\t<div class=\"e-con-inner\">\r\n\t\t\t\t<div class=\"elementor-element elementor-element-61343015 flex-horizontal-align-default flex-horizontal-align-tablet-default flex-horizontal-align-mobile-default flex-vertical-align-default flex-vertical-align-tablet-default flex-vertical-align-mobile-default elementor-widget elementor-widget-thegem-template-post-navigation\" data-id=\"61343015\" data-element_type=\"widget\" data-e-type=\"widget\" data-widget_type=\"thegem-template-post-navigation.default\">\n\t\t\t\t<div class=\"elementor-widget-container\">\n\t\t\t\t\t<div class=\"thegem-te-post-navigation post-nav--justified post-label--hide post-arrows--simple\"> <nav class=\"navigation post-navigation\" aria-label=\"Posts\"> <h2 class=\"screen-reader-text\">Post navigation<\/h2> <div class=\"nav-links\"><div class=\"nav-previous\"><a href=\"https:\/\/www.fiwonline.de\/en\/anstehender-wechsel-im-vorsitz-der-monopolkommission\/\" rel=\"prev\"><i class=\"meta-icon\"><\/i><span class=\"meta-nav\" aria-hidden=\"true\"><span class=\"post-title\"><span class=\"title-h5\">Anstehender Wechsel im Vorsitz der Monopolkommission<\/span><\/span><\/span><\/a><\/div><div class=\"nav-next\"><a href=\"https:\/\/www.fiwonline.de\/en\/ursula-von-der-leyen-politische-prioritaeten-fuer-neue-wahlperiode-fokus-wettbewerbsrecht\/\" rel=\"next\"><span class=\"meta-nav\" aria-hidden=\"true\"><span class=\"post-title\"><span class=\"title-h5\">Ursula von der Leyen: politische Priorit\u00e4ten f\u00fcr neue Wahlperiode (Fokus Wettbewerbsrecht)<\/span><\/span><\/span><i class=\"meta-icon\"><\/i><\/a><\/div><\/div> <\/nav> <\/div>\t\t\t\t<\/div>\n\t\t\t\t<\/div>\n\t\t\t\t<div class=\"elementor-element elementor-element-540bd70d flex-horizontal-align-default flex-horizontal-align-tablet-default flex-horizontal-align-mobile-default flex-vertical-align-default flex-vertical-align-tablet-default flex-vertical-align-mobile-default elementor-widget elementor-widget-spacer\" data-id=\"540bd70d\" data-element_type=\"widget\" data-e-type=\"widget\" data-widget_type=\"spacer.default\">\n\t\t\t\t<div class=\"elementor-widget-container\">\n\t\t\t\t\t\t\t<div class=\"elementor-spacer\">\n\t\t\t<div class=\"elementor-spacer-inner\"><\/div>\n\t\t<\/div>\n\t\t\t\t\t\t<\/div>\n\t\t\t\t<\/div>\n\t\t\t\t\t<\/div>\n\t\t\t\t<\/div>\n\t\t\t\t<\/div>","protected":false},"excerpt":{"rendered":"<p>30.09.2024 Gutachten zum Thema \u201eKartellrecht und Nachhaltigkeit\u201c des Wissenschaftlichen Beirats beim BMWK DBMWKWissenschaftlicher BeiratWettbewerbsrechtKartellrechtKooperationenNachhaltigkeit12. GWB-Novelle PM des Wissenschaftlichen Beitrats beim&#8230;<\/p>","protected":false},"author":3,"featured_media":0,"comment_status":"closed","ping_status":"closed","sticky":false,"template":"","format":"standard","meta":{"_acf_changed":false,"footnotes":""},"categories":[130,58,128,133,132,131,117,129],"tags":[127,122,121,124,125,126,120,123],"tp-datum":[],"tp-veranstaltung":[],"post_folder":[1239],"class_list":{"0":"post-2934","1":"post","2":"type-post","3":"status-publish","4":"format-standard","6":"category-12-gwb-novelle","7":"category-aktuelles","8":"category-bmwk","9":"category-kartellrecht","10":"category-kooperationen","11":"category-nachhaltigkeit","12":"category-wettbewerbsrecht","13":"category-wissenschaftlicher-beirat","14":"tag-12-gwb-novelle","15":"tag-bmwk","16":"tag-d","17":"tag-kartellrecht","18":"tag-kooperationen","19":"tag-nachhaltigkeit","20":"tag-wettbewerbsrecht","21":"tag-wissenschaftlicher-beirat"},"acf":[],"menu_order":111,"_links":{"self":[{"href":"https:\/\/www.fiwonline.de\/en\/wp-json\/wp\/v2\/posts\/2934","targetHints":{"allow":["GET"]}}],"collection":[{"href":"https:\/\/www.fiwonline.de\/en\/wp-json\/wp\/v2\/posts"}],"about":[{"href":"https:\/\/www.fiwonline.de\/en\/wp-json\/wp\/v2\/types\/post"}],"author":[{"embeddable":true,"href":"https:\/\/www.fiwonline.de\/en\/wp-json\/wp\/v2\/users\/3"}],"replies":[{"embeddable":true,"href":"https:\/\/www.fiwonline.de\/en\/wp-json\/wp\/v2\/comments?post=2934"}],"version-history":[{"count":0,"href":"https:\/\/www.fiwonline.de\/en\/wp-json\/wp\/v2\/posts\/2934\/revisions"}],"wp:attachment":[{"href":"https:\/\/www.fiwonline.de\/en\/wp-json\/wp\/v2\/media?parent=2934"}],"wp:term":[{"taxonomy":"category","embeddable":true,"href":"https:\/\/www.fiwonline.de\/en\/wp-json\/wp\/v2\/categories?post=2934"},{"taxonomy":"post_tag","embeddable":true,"href":"https:\/\/www.fiwonline.de\/en\/wp-json\/wp\/v2\/tags?post=2934"},{"taxonomy":"tp-datum","embeddable":true,"href":"https:\/\/www.fiwonline.de\/en\/wp-json\/wp\/v2\/tp-datum?post=2934"},{"taxonomy":"tp-veranstaltung","embeddable":true,"href":"https:\/\/www.fiwonline.de\/en\/wp-json\/wp\/v2\/tp-veranstaltung?post=2934"},{"taxonomy":"post_folder","embeddable":true,"href":"https:\/\/www.fiwonline.de\/en\/wp-json\/wp\/v2\/post_folder?post=2934"}],"curies":[{"name":"wp","href":"https:\/\/api.w.org\/{rel}","templated":true}]}}