{"id":3043,"date":"2024-07-29T14:18:00","date_gmt":"2024-09-23T23:18:23","guid":{"rendered":"https:\/\/www.fiwonline.de\/?p=3043"},"modified":"2024-09-30T01:57:02","modified_gmt":"2024-09-29T23:57:02","slug":"verbaendebrief-zur-12-gwb-novelle-wg-behoerdlicher-rechtsdurchsetzung-im-verbraucherschutz","status":"publish","type":"post","link":"https:\/\/www.fiwonline.de\/en\/verbaendebrief-zur-12-gwb-novelle-wg-behoerdlicher-rechtsdurchsetzung-im-verbraucherschutz\/","title":{"rendered":"Verb\u00e4ndebrief zur 12. GWB-Novelle wg. beh\u00f6rdlicher Rechtsdurchsetzung im Verbraucherschutz"},"content":{"rendered":"<div data-elementor-type=\"wp-post\" data-elementor-id=\"3043\" class=\"elementor elementor-3043\">\n\t\t\t\t<div class=\"elementor-element elementor-element-13170209 e-flex e-con-boxed e-con e-parent\" data-id=\"13170209\" data-element_type=\"container\" data-e-type=\"container\">\r\n\t\t\t\t\t<div class=\"e-con-inner\">\r\n\t\t\t\t<div class=\"elementor-element elementor-element-3dd41b52 flex-horizontal-align-default flex-horizontal-align-tablet-default flex-horizontal-align-mobile-default flex-vertical-align-default flex-vertical-align-tablet-default flex-vertical-align-mobile-default elementor-widget elementor-widget-spacer\" data-id=\"3dd41b52\" data-element_type=\"widget\" data-e-type=\"widget\" data-widget_type=\"spacer.default\">\n\t\t\t\t<div class=\"elementor-widget-container\">\n\t\t\t\t\t\t\t<div class=\"elementor-spacer\">\n\t\t\t<div class=\"elementor-spacer-inner\"><\/div>\n\t\t<\/div>\n\t\t\t\t\t\t<\/div>\n\t\t\t\t<\/div>\n\t\t\t\t<div class=\"elementor-element elementor-element-3a8f682a flex-horizontal-align-default flex-horizontal-align-tablet-default flex-horizontal-align-mobile-default flex-vertical-align-default flex-vertical-align-tablet-default flex-vertical-align-mobile-default elementor-widget elementor-widget-thegem-template-post-info\" data-id=\"3a8f682a\" data-element_type=\"widget\" data-e-type=\"widget\" data-widget_type=\"thegem-template-post-info.default\">\n\t\t\t\t<div class=\"elementor-widget-container\">\n\t\t\t\t\t\t\t\t<div class=\"thegem-te-post-info post-info--modern post-info--horizontal post-info--left post-info--divider-show\">\r\n\t\t\t\t<div class=\"post-info\"><div class=\"post-info-item post-info-item-date title-h5\"><a class=\"date\" href=\"https:\/\/www.fiwonline.de\/en\/2024\/07\/29\/\">29.07.2024<\/a><\/div><\/div>\r\n\t\t\t<\/div>\r\n\t\t\t\t\t\t\t\t\t<\/div>\n\t\t\t\t<\/div>\n\t\t\t\t<div class=\"elementor-element elementor-element-659a4be7 flex-horizontal-align-default flex-horizontal-align-tablet-default flex-horizontal-align-mobile-default flex-vertical-align-default flex-vertical-align-tablet-default flex-vertical-align-mobile-default elementor-widget elementor-widget-thegem-template-post-title\" data-id=\"659a4be7\" data-element_type=\"widget\" data-e-type=\"widget\" data-widget_type=\"thegem-template-post-title.default\">\n\t\t\t\t<div class=\"elementor-widget-container\">\n\t\t\t\t\t<div class=\"thegem-te-post-title\"> <h3 class=\"post-title\"> <span>Verb\u00e4ndebrief zur 12. GWB-Novelle wg. beh\u00f6rdlicher Rechtsdurchsetzung im Verbraucherschutz<\/span> <\/h3> <\/div>\t\t\t\t<\/div>\n\t\t\t\t<\/div>\n\t\t<div class=\"elementor-element elementor-element-6d5846ec e-con-full e-flex e-con e-child\" data-id=\"6d5846ec\" data-element_type=\"container\" data-e-type=\"container\" data-settings=\"{&quot;background_background&quot;:&quot;gradient&quot;}\">\r\n\t\t\t\t<div class=\"elementor-element elementor-element-28be67d6 flex-horizontal-align-default flex-horizontal-align-tablet-default flex-horizontal-align-mobile-default flex-vertical-align-default flex-vertical-align-tablet-default flex-vertical-align-mobile-default elementor-widget elementor-widget-text-editor\" data-id=\"28be67d6\" data-element_type=\"widget\" data-e-type=\"widget\" data-widget_type=\"text-editor.default\">\n\t\t\t\t<div class=\"elementor-widget-container\">\n\t\t\t\t\t\t\t\t\t\t\t\t<div class=\"elementor-text-editor elementor-clearfix\">\r\n\t\t\t\t\t\t<div class=\"title-h6\">D<br \/>BMWK<br \/>GWB-Novelle<br \/>Bundeskartellamt<br \/>Verbraucherschutz<\/div>\n\t\t\t\t\t\t\t<\/div>\r\n\t\t\t\t\t\t\t\t\t\t<\/div>\n\t\t\t\t<\/div>\n\t\t\t\t<\/div>\n\t\t<div class=\"elementor-element elementor-element-62c33adc e-flex e-con-boxed e-con e-child\" data-id=\"62c33adc\" data-element_type=\"container\" data-e-type=\"container\">\r\n\t\t\t\t\t<div class=\"e-con-inner\">\r\n\t\t\t\t<div class=\"elementor-element elementor-element-6b472dad flex-horizontal-align-default flex-horizontal-align-tablet-default flex-horizontal-align-mobile-default flex-vertical-align-default flex-vertical-align-tablet-default flex-vertical-align-mobile-default elementor-widget elementor-widget-text-editor\" data-id=\"6b472dad\" data-element_type=\"widget\" data-e-type=\"widget\" data-widget_type=\"text-editor.default\">\n\t\t\t\t<div class=\"elementor-widget-container\">\n\t\t\t\t\t\t\t\t\t\t\t\t<div class=\"elementor-text-editor elementor-clearfix\">\r\n\t\t\t\t\t\t<p><a href=\"https:\/\/www.lobbyregister.bundestag.de\/media\/75\/8b\/322648\/stellungnahme-gutachten-sg2406250178.pdf\">Stellungnahme-Gutachten-SG2406250178.pdf (bundestag.de)<\/a><\/p>\n<p>Im Vorfeld der 12. GWB-Novelle (\u201eEffizienzverbesserungs-Gesetz\u201c) haben sich sechs Wirtschaftsverb\u00e4nde in einem gemeinsamen Verb\u00e4ndebrief an das BMWK gewandt, um vor kontraproduktiven und kostspieligen Doppelstrukturen bei der Durchsetzung von Verbraucherrechten zu warnen. Die unterzeichnenden Verb\u00e4nde sind BDI, DIHK, Deutsche Kreditwirtschaft, HDE, GDV, Markenverband, Verbraucherzentrale Bundesverband (vzbv) und Zentralverband der deutschen Werbewirtschaft.<\/p>\n<p>Bekannterma\u00dfen plant das BMWK, dem Bundeskartellamt Durchsetzungsbefugnisse nach verbraucherrechtlichen Sektoruntersuchungen zu geben, insbesondere bei systematischen Rechtsverst\u00f6\u00dfen durch marktm\u00e4chtige Unternehmen, von denen eine Vielzahl von Verbrauchern betroffen sind. Gerade mit Blick auf die bew\u00e4hrten und funktionierenden Instrumente der privaten Rechtsdurchsetzung wenden sich die unterzeichnenden Verb\u00e4nde nachdr\u00fccklich gegen die erwogene Einrichtung einer beh\u00f6rdlichen Rechtsdurchsetzung im Verbraucherschutz durch die Beh\u00f6rde.<\/p>\n<p>Im Verb\u00e4ndeschreiben hei\u00dft es: \u201e<em>Einigkeit besteht dahingehend, dass sich die Durchsetzung von Verbraucherrechten durch zivilgesellschaftlich organisierte Verb\u00e4nde seit Jahrzehnten bew\u00e4hrt hat. Die private Rechtsdurchsetzung funktioniert schnell, effizient und ohne unn\u00f6tige B\u00fcrokratie. Die Einrichtung einer \u00f6ffentlichrechtlichen Rechtsdurchsetzung parallel zu den bestehenden privatrechtlichen Instrumenten oder selbst nach einer vorangehenden Sektoruntersuchung wird nach unserer Einsch\u00e4tzung dagegen das etablierte und bew\u00e4hrte System ohne Not schw\u00e4chen. Ein m\u00f6gliches Aufgreifermessen f\u00fcr eine beh\u00f6rdliche Rechtsdurchsetzung muss daher auf die wenigen Bereiche beschr\u00e4nkt bleiben, die von der zivilrechtlichen Rechtsdurchsetzung nachweisbar nicht erreicht werden k\u00f6nnen.\u201c<\/em><\/p>\n<p>Aktuell bleibt abzuwarten, ob und wann das BMWK einen Referentenentwurf f\u00fcr eine 12. GWB-Novelle vorlegen wird. Derzeit steckt das Projekt noch im sogenannten \u201eVorhaben-Clearing\u201c in der Schaltzentrale der Bundesregierung (BK-Amt-Staatsminister, StS\u2019e BMF und BMWK) fest.<\/p>\t\t\t\t\t\t\t<\/div>\r\n\t\t\t\t\t\t\t\t\t\t<\/div>\n\t\t\t\t<\/div>\n\t\t\t\t<div class=\"elementor-element elementor-element-28b95366 flex-horizontal-align-default flex-horizontal-align-tablet-default flex-horizontal-align-mobile-default flex-vertical-align-default flex-vertical-align-tablet-default flex-vertical-align-mobile-default elementor-widget elementor-widget-spacer\" data-id=\"28b95366\" data-element_type=\"widget\" data-e-type=\"widget\" data-widget_type=\"spacer.default\">\n\t\t\t\t<div class=\"elementor-widget-container\">\n\t\t\t\t\t\t\t<div class=\"elementor-spacer\">\n\t\t\t<div class=\"elementor-spacer-inner\"><\/div>\n\t\t<\/div>\n\t\t\t\t\t\t<\/div>\n\t\t\t\t<\/div>\n\t\t\t\t\t<\/div>\n\t\t\t\t<\/div>\n\t\t\t\t\t<\/div>\n\t\t\t\t<\/div>\n\t\t<div class=\"elementor-element elementor-element-9302cac e-flex e-con-boxed e-con e-parent\" data-id=\"9302cac\" data-element_type=\"container\" data-e-type=\"container\">\r\n\t\t\t\t\t<div class=\"e-con-inner\">\r\n\t\t\t\t<div class=\"elementor-element elementor-element-26b61eaf flex-horizontal-align-default flex-horizontal-align-tablet-default flex-horizontal-align-mobile-default flex-vertical-align-default flex-vertical-align-tablet-default flex-vertical-align-mobile-default elementor-widget elementor-widget-thegem-template-post-navigation\" data-id=\"26b61eaf\" data-element_type=\"widget\" data-e-type=\"widget\" data-widget_type=\"thegem-template-post-navigation.default\">\n\t\t\t\t<div class=\"elementor-widget-container\">\n\t\t\t\t\t<div class=\"thegem-te-post-navigation post-nav--justified post-label--hide post-arrows--simple\"> <nav class=\"navigation post-navigation\" aria-label=\"Posts\"> <h2 class=\"screen-reader-text\">Post navigation<\/h2> <div class=\"nav-links\"><div class=\"nav-previous\"><a href=\"https:\/\/www.fiwonline.de\/en\/ursula-von-der-leyen-politische-prioritaeten-fuer-neue-wahlperiode-fokus-wettbewerbsrecht\/\" rel=\"prev\"><i class=\"meta-icon\"><\/i><span class=\"meta-nav\" aria-hidden=\"true\"><span class=\"post-title\"><span class=\"title-h5\">Ursula von der Leyen: politische Priorit\u00e4ten f\u00fcr neue Wahlperiode (Fokus Wettbewerbsrecht)<\/span><\/span><\/span><\/a><\/div><div class=\"nav-next\"><a href=\"https:\/\/www.fiwonline.de\/en\/eu-kommission-konsultiert-zu-leitlinien-zum-behinderungsmissbrauch\/\" rel=\"next\"><span class=\"meta-nav\" aria-hidden=\"true\"><span class=\"post-title\"><span class=\"title-h5\">EU-Kommission konsultiert zu Leitlinien zum Behinderungsmissbrauch<\/span><\/span><\/span><i class=\"meta-icon\"><\/i><\/a><\/div><\/div> <\/nav> <\/div>\t\t\t\t<\/div>\n\t\t\t\t<\/div>\n\t\t\t\t<div class=\"elementor-element elementor-element-2396377 flex-horizontal-align-default flex-horizontal-align-tablet-default flex-horizontal-align-mobile-default flex-vertical-align-default flex-vertical-align-tablet-default flex-vertical-align-mobile-default elementor-widget elementor-widget-spacer\" data-id=\"2396377\" data-element_type=\"widget\" data-e-type=\"widget\" data-widget_type=\"spacer.default\">\n\t\t\t\t<div class=\"elementor-widget-container\">\n\t\t\t\t\t\t\t<div class=\"elementor-spacer\">\n\t\t\t<div class=\"elementor-spacer-inner\"><\/div>\n\t\t<\/div>\n\t\t\t\t\t\t<\/div>\n\t\t\t\t<\/div>\n\t\t\t\t\t<\/div>\n\t\t\t\t<\/div>\n\t\t\t\t<\/div>","protected":false},"excerpt":{"rendered":"<p>29.07.2024 Verb\u00e4ndebrief zur 12. GWB-Novelle wg. beh\u00f6rdlicher Rechtsdurchsetzung im Verbraucherschutz DBMWKGWB-NovelleBundeskartellamtVerbraucherschutz Stellungnahme-Gutachten-SG2406250178.pdf (bundestag.de) Im Vorfeld der 12. GWB-Novelle (\u201eEffizienzverbesserungs-Gesetz\u201c) haben&#8230;<\/p>","protected":false},"author":3,"featured_media":0,"comment_status":"closed","ping_status":"closed","sticky":false,"template":"","format":"standard","meta":{"_acf_changed":false,"footnotes":""},"categories":[1],"tags":[122,139,121,138,140],"tp-datum":[],"tp-veranstaltung":[],"post_folder":[1239],"class_list":{"0":"post-3043","1":"post","2":"type-post","3":"status-publish","4":"format-standard","6":"category-allgemein","7":"tag-bmwk","8":"tag-bundeskartellamt","9":"tag-d","10":"tag-gwb-novelle","11":"tag-verbraucherschutz"},"acf":[],"menu_order":109,"_links":{"self":[{"href":"https:\/\/www.fiwonline.de\/en\/wp-json\/wp\/v2\/posts\/3043","targetHints":{"allow":["GET"]}}],"collection":[{"href":"https:\/\/www.fiwonline.de\/en\/wp-json\/wp\/v2\/posts"}],"about":[{"href":"https:\/\/www.fiwonline.de\/en\/wp-json\/wp\/v2\/types\/post"}],"author":[{"embeddable":true,"href":"https:\/\/www.fiwonline.de\/en\/wp-json\/wp\/v2\/users\/3"}],"replies":[{"embeddable":true,"href":"https:\/\/www.fiwonline.de\/en\/wp-json\/wp\/v2\/comments?post=3043"}],"version-history":[{"count":0,"href":"https:\/\/www.fiwonline.de\/en\/wp-json\/wp\/v2\/posts\/3043\/revisions"}],"wp:attachment":[{"href":"https:\/\/www.fiwonline.de\/en\/wp-json\/wp\/v2\/media?parent=3043"}],"wp:term":[{"taxonomy":"category","embeddable":true,"href":"https:\/\/www.fiwonline.de\/en\/wp-json\/wp\/v2\/categories?post=3043"},{"taxonomy":"post_tag","embeddable":true,"href":"https:\/\/www.fiwonline.de\/en\/wp-json\/wp\/v2\/tags?post=3043"},{"taxonomy":"tp-datum","embeddable":true,"href":"https:\/\/www.fiwonline.de\/en\/wp-json\/wp\/v2\/tp-datum?post=3043"},{"taxonomy":"tp-veranstaltung","embeddable":true,"href":"https:\/\/www.fiwonline.de\/en\/wp-json\/wp\/v2\/tp-veranstaltung?post=3043"},{"taxonomy":"post_folder","embeddable":true,"href":"https:\/\/www.fiwonline.de\/en\/wp-json\/wp\/v2\/post_folder?post=3043"}],"curies":[{"name":"wp","href":"https:\/\/api.w.org\/{rel}","templated":true}]}}