{"id":4204,"date":"2024-01-24T12:00:49","date_gmt":"2024-01-24T11:00:49","guid":{"rendered":"https:\/\/www.fiwonline.de\/?p=4204"},"modified":"2024-09-30T11:12:42","modified_gmt":"2024-09-30T09:12:42","slug":"bundesbehoerden-gruenden-digital-cluster-bonn-unter-beteiligung-des-bundeskartellamts","status":"publish","type":"post","link":"https:\/\/www.fiwonline.de\/en\/bundesbehoerden-gruenden-digital-cluster-bonn-unter-beteiligung-des-bundeskartellamts\/","title":{"rendered":"Bundesbeh\u00f6rden gr\u00fcnden \u201eDigital Cluster Bonn\u201c unter Beteiligung des Bundeskartellamts"},"content":{"rendered":"<div data-elementor-type=\"wp-post\" data-elementor-id=\"4204\" class=\"elementor elementor-4204\">\n\t\t\t\t<div class=\"elementor-element elementor-element-2901e187 e-flex e-con-boxed e-con e-parent\" data-id=\"2901e187\" data-element_type=\"container\" data-e-type=\"container\">\r\n\t\t\t\t\t<div class=\"e-con-inner\">\r\n\t\t\t\t<div class=\"elementor-element elementor-element-b27f269 flex-horizontal-align-default flex-horizontal-align-tablet-default flex-horizontal-align-mobile-default flex-vertical-align-default flex-vertical-align-tablet-default flex-vertical-align-mobile-default elementor-widget elementor-widget-spacer\" data-id=\"b27f269\" data-element_type=\"widget\" data-e-type=\"widget\" data-widget_type=\"spacer.default\">\n\t\t\t\t<div class=\"elementor-widget-container\">\n\t\t\t\t\t\t\t<div class=\"elementor-spacer\">\n\t\t\t<div class=\"elementor-spacer-inner\"><\/div>\n\t\t<\/div>\n\t\t\t\t\t\t<\/div>\n\t\t\t\t<\/div>\n\t\t\t\t<div class=\"elementor-element elementor-element-72dd16d0 flex-horizontal-align-default flex-horizontal-align-tablet-default flex-horizontal-align-mobile-default flex-vertical-align-default flex-vertical-align-tablet-default flex-vertical-align-mobile-default elementor-widget elementor-widget-thegem-template-post-info\" data-id=\"72dd16d0\" data-element_type=\"widget\" data-e-type=\"widget\" data-widget_type=\"thegem-template-post-info.default\">\n\t\t\t\t<div class=\"elementor-widget-container\">\n\t\t\t\t\t\t\t\t<div class=\"thegem-te-post-info post-info--modern post-info--horizontal post-info--left post-info--divider-show\">\r\n\t\t\t\t<div class=\"post-info\"><div class=\"post-info-item post-info-item-date title-h5\"><a class=\"date\" href=\"https:\/\/www.fiwonline.de\/en\/2024\/01\/24\/\">24.01.2024<\/a><\/div><\/div>\r\n\t\t\t<\/div>\r\n\t\t\t\t\t\t\t\t\t<\/div>\n\t\t\t\t<\/div>\n\t\t\t\t<div class=\"elementor-element elementor-element-32c702e4 flex-horizontal-align-default flex-horizontal-align-tablet-default flex-horizontal-align-mobile-default flex-vertical-align-default flex-vertical-align-tablet-default flex-vertical-align-mobile-default elementor-widget elementor-widget-thegem-template-post-title\" data-id=\"32c702e4\" data-element_type=\"widget\" data-e-type=\"widget\" data-widget_type=\"thegem-template-post-title.default\">\n\t\t\t\t<div class=\"elementor-widget-container\">\n\t\t\t\t\t<div class=\"thegem-te-post-title\"> <h3 class=\"post-title\"> <span>Bundesbeh\u00f6rden gr\u00fcnden \u201eDigital Cluster Bonn\u201c unter Beteiligung des Bundeskartellamts<\/span> <\/h3> <\/div>\t\t\t\t<\/div>\n\t\t\t\t<\/div>\n\t\t<div class=\"elementor-element elementor-element-43a12f95 e-con-full e-flex e-con e-child\" data-id=\"43a12f95\" data-element_type=\"container\" data-e-type=\"container\" data-settings=\"{&quot;background_background&quot;:&quot;gradient&quot;}\">\r\n\t\t\t\t<div class=\"elementor-element elementor-element-2b308967 flex-horizontal-align-default flex-horizontal-align-tablet-default flex-horizontal-align-mobile-default flex-vertical-align-default flex-vertical-align-tablet-default flex-vertical-align-mobile-default elementor-widget elementor-widget-text-editor\" data-id=\"2b308967\" data-element_type=\"widget\" data-e-type=\"widget\" data-widget_type=\"text-editor.default\">\n\t\t\t\t<div class=\"elementor-widget-container\">\n\t\t\t\t\t\t\t\t\t\t\t\t<div class=\"elementor-text-editor elementor-clearfix\">\r\n\t\t\t\t\t\t<div class=\"title-h6\">D<br \/>BKartA<br \/>BaFin<br \/>BFJ<br \/>BSI<br \/>BfDI<br \/>BnetzA<br \/>Digitalisierung<\/div>\n\t\t\t\t\t\t\t<\/div>\r\n\t\t\t\t\t\t\t\t\t\t<\/div>\n\t\t\t\t<\/div>\n\t\t\t\t<\/div>\n\t\t<div class=\"elementor-element elementor-element-1e6fb59a e-flex e-con-boxed e-con e-child\" data-id=\"1e6fb59a\" data-element_type=\"container\" data-e-type=\"container\">\r\n\t\t\t\t\t<div class=\"e-con-inner\">\r\n\t\t\t\t<div class=\"elementor-element elementor-element-7ba7a547 flex-horizontal-align-default flex-horizontal-align-tablet-default flex-horizontal-align-mobile-default flex-vertical-align-default flex-vertical-align-tablet-default flex-vertical-align-mobile-default elementor-widget elementor-widget-text-editor\" data-id=\"7ba7a547\" data-element_type=\"widget\" data-e-type=\"widget\" data-widget_type=\"text-editor.default\">\n\t\t\t\t<div class=\"elementor-widget-container\">\n\t\t\t\t\t\t\t\t\t\t\t\t<div class=\"elementor-text-editor elementor-clearfix\">\r\n\t\t\t\t\t\t<p><span><a\n            href=\"https:\/\/www.bundeskartellamt.de\/shareddocs\/meldung\/de\/pressemitteilungen\/2024\/15_01_2024_digital_cluster.html\">Bundeskartellamt\n            &#8211; Homepage &#8211; Digital Cluster Bonn: Sechs Bundesbeh\u00f6rden\n            arbeiten bei der Digitalisierung enger zusammen<\/a><\/span><span>&nbsp;<\/span><\/p>\n<p>Am 15. Januar\n    2024 haben sechs Bundesbeh\u00f6rden mit Sitz in Bonn das \u201e<em>Digital Cluster&nbsp;Bonn<\/em>\u201c gegr\u00fcndet. Es handelt sich\n    um die Bundesanstalt f\u00fcr Finanzdienstleistungsaufsicht (BaFin), das Bundesamt f\u00fcr Justiz (BfJ), das Bundesamt f\u00fcr\n    Sicherheit in der Informationstechnik (BSI), den Bundesbeauftragte f\u00fcr den Datenschutz und die Informationsfreiheit\n    (BfDI), das Bundeskartellamt (BKartA) und die Bundesnetzagentur (BNetzA). Diese Initiative kennzeichnet den Wunsch\n    nach einer engeren Zusammenarbeit der Beh\u00f6rden zu allen Aspekten der Digitalisierung angesichts des digitalen\n    Transformationsprozesses der Verwaltung. Auch soll \u201eDigital Cluster Bonn\u201c zu einem Forum werden, um bew\u00e4hrte\n    Vorgehensweisen (\u201eBest Practice\u201c) zu entwickeln und zu teilen.<span>&nbsp;<\/span><\/p>\n<p>Dahinter steht\n    die Erkenntnis, dass die Digitalisierung der Verwaltung weiter vorangetrieben werden muss, und die Bundesbeh\u00f6rden\n    viele Aufgaben zu bew\u00e4ltigen haben, die unmittelbar oder mittelbar mit der Digitalisierung zusammenh\u00e4ngen. Ein\n    Schwerpunkt der Initiative soll im Bereich Regulierung und Aufsicht liegen. So geht es beispielsweise darum,\n    geltendes Recht gegen\u00fcber internationalen Online-Plattformen durchzusetzen (auch auf der Grundlage des \u201eDigital\n    Market Act\u201c) oder den Schutz von Verbrauchern, den Datenschutz oder die Cybersicherheit weiter zu verbessern. Die\n    Beh\u00f6rden wollen aber auch bei konkreten Vorhaben wie etwa einem modernen Prozess- und Datenmanagement oder dem\n    Einsatz von zentral bereitgestellten Standardkomponenten, digitalen Diensten und K\u00fcnstlicher Intelligenz in der\n    Verwaltung enger zusammenarbeiten.<span>&nbsp;<\/span><\/p>\n<p>\n    Bundeskartellamtspr\u00e4sident Mundt betonte in einer Presseerkl\u00e4rung, dass die Erfahrungen des Bundeskartellamts als\n    seit \u00fcber 15 Jahren Pionier richtungsweisender Verfahren in der digitalen Wirtschaft bereits \u201ein zahlreiche\n    Gesetzgebungsverfahren in Deutschland und auf europ\u00e4ischer Ebene eingeflossen\u201c seien. Dabei habe das\n    Bundeskartellamt in Kooperation mit der Europ\u00e4ischen Kommission und anderen nationalen Wettbewerbsbeh\u00f6rden \u201eviel f\u00fcr\n    offene M\u00e4rkte und faireren Wettbewerb erreicht\u201c. Er hob das Wettbewerbsregister als erstes vollumf\u00e4nglich digitales\n    Register Deutschlands und als ein \u201eLeuchtturmprojekt\u201c der Digitalisierung der \u00f6ffentlichen Verwaltung hervo<\/p>\t\t\t\t\t\t\t<\/div>\r\n\t\t\t\t\t\t\t\t\t\t<\/div>\n\t\t\t\t<\/div>\n\t\t\t\t<div class=\"elementor-element elementor-element-7f9b497b flex-horizontal-align-default flex-horizontal-align-tablet-default flex-horizontal-align-mobile-default flex-vertical-align-default flex-vertical-align-tablet-default flex-vertical-align-mobile-default elementor-widget elementor-widget-spacer\" data-id=\"7f9b497b\" data-element_type=\"widget\" data-e-type=\"widget\" data-widget_type=\"spacer.default\">\n\t\t\t\t<div class=\"elementor-widget-container\">\n\t\t\t\t\t\t\t<div class=\"elementor-spacer\">\n\t\t\t<div class=\"elementor-spacer-inner\"><\/div>\n\t\t<\/div>\n\t\t\t\t\t\t<\/div>\n\t\t\t\t<\/div>\n\t\t\t\t\t<\/div>\n\t\t\t\t<\/div>\n\t\t\t\t\t<\/div>\n\t\t\t\t<\/div>\n\t\t<div class=\"elementor-element elementor-element-51bed165 e-flex e-con-boxed e-con e-parent\" data-id=\"51bed165\" data-element_type=\"container\" data-e-type=\"container\">\r\n\t\t\t\t\t<div class=\"e-con-inner\">\r\n\t\t\t\t<div class=\"elementor-element elementor-element-7f868a14 flex-horizontal-align-default flex-horizontal-align-tablet-default flex-horizontal-align-mobile-default flex-vertical-align-default flex-vertical-align-tablet-default flex-vertical-align-mobile-default elementor-widget elementor-widget-thegem-template-post-navigation\" data-id=\"7f868a14\" data-element_type=\"widget\" data-e-type=\"widget\" data-widget_type=\"thegem-template-post-navigation.default\">\n\t\t\t\t<div class=\"elementor-widget-container\">\n\t\t\t\t\t<div class=\"thegem-te-post-navigation post-nav--justified post-label--hide post-arrows--simple\"> <nav class=\"navigation post-navigation\" aria-label=\"Posts\"> <h2 class=\"screen-reader-text\">Post navigation<\/h2> <div class=\"nav-links\"><div class=\"nav-previous\"><a href=\"https:\/\/www.fiwonline.de\/en\/kommission-konsultiert-zum-wettbewerb-in-den-bereichen-virtuelle-welten-und-generativer-kuenstlicher-intelligenz\/\" rel=\"prev\"><i class=\"meta-icon\"><\/i><span class=\"meta-nav\" aria-hidden=\"true\"><span class=\"post-title\"><span class=\"title-h5\">Kommission konsultiert zum Wettbewerb in den Bereichen virtuelle Welten und generativer k\u00fcnstlicher Intelligenz<\/span><\/span><\/span><\/a><\/div><div class=\"nav-next\"><a href=\"https:\/\/www.fiwonline.de\/en\/eu-parlament-hat-bericht-ueber-wettbewerbspolitik-angenommen\/\" rel=\"next\"><span class=\"meta-nav\" aria-hidden=\"true\"><span class=\"post-title\"><span class=\"title-h5\">EU-Parlament hat Bericht \u00fcber Wettbewerbspolitik angenommen<\/span><\/span><\/span><i class=\"meta-icon\"><\/i><\/a><\/div><\/div> <\/nav> <\/div>\t\t\t\t<\/div>\n\t\t\t\t<\/div>\n\t\t\t\t<div class=\"elementor-element elementor-element-623a7965 flex-horizontal-align-default flex-horizontal-align-tablet-default flex-horizontal-align-mobile-default flex-vertical-align-default flex-vertical-align-tablet-default flex-vertical-align-mobile-default elementor-widget elementor-widget-spacer\" data-id=\"623a7965\" data-element_type=\"widget\" data-e-type=\"widget\" data-widget_type=\"spacer.default\">\n\t\t\t\t<div class=\"elementor-widget-container\">\n\t\t\t\t\t\t\t<div class=\"elementor-spacer\">\n\t\t\t<div class=\"elementor-spacer-inner\"><\/div>\n\t\t<\/div>\n\t\t\t\t\t\t<\/div>\n\t\t\t\t<\/div>\n\t\t\t\t\t<\/div>\n\t\t\t\t<\/div>\n\t\t\t\t<\/div>","protected":false},"excerpt":{"rendered":"<p>24.01.2024 Bundesbeh\u00f6rden gr\u00fcnden \u201eDigital Cluster Bonn\u201c unter Beteiligung des Bundeskartellamts DBKartABaFinBFJBSIBfDIBnetzADigitalisierung Bundeskartellamt &#8211; Homepage &#8211; Digital Cluster Bonn: Sechs Bundesbeh\u00f6rden&#8230;<\/p>","protected":false},"author":3,"featured_media":0,"comment_status":"closed","ping_status":"closed","sticky":false,"template":"","format":"standard","meta":{"_acf_changed":false,"footnotes":""},"categories":[1],"tags":[203,206,204,202,207,205,121,208],"tp-datum":[],"tp-veranstaltung":[],"post_folder":[1239],"class_list":{"0":"post-4204","1":"post","2":"type-post","3":"status-publish","4":"format-standard","6":"category-allgemein","7":"tag-bafin","8":"tag-bfdi","9":"tag-bfj","10":"tag-bkarta","11":"tag-bnetza","12":"tag-bsi","13":"tag-d","14":"tag-digitalisierung"},"acf":[],"menu_order":140,"_links":{"self":[{"href":"https:\/\/www.fiwonline.de\/en\/wp-json\/wp\/v2\/posts\/4204","targetHints":{"allow":["GET"]}}],"collection":[{"href":"https:\/\/www.fiwonline.de\/en\/wp-json\/wp\/v2\/posts"}],"about":[{"href":"https:\/\/www.fiwonline.de\/en\/wp-json\/wp\/v2\/types\/post"}],"author":[{"embeddable":true,"href":"https:\/\/www.fiwonline.de\/en\/wp-json\/wp\/v2\/users\/3"}],"replies":[{"embeddable":true,"href":"https:\/\/www.fiwonline.de\/en\/wp-json\/wp\/v2\/comments?post=4204"}],"version-history":[{"count":0,"href":"https:\/\/www.fiwonline.de\/en\/wp-json\/wp\/v2\/posts\/4204\/revisions"}],"wp:attachment":[{"href":"https:\/\/www.fiwonline.de\/en\/wp-json\/wp\/v2\/media?parent=4204"}],"wp:term":[{"taxonomy":"category","embeddable":true,"href":"https:\/\/www.fiwonline.de\/en\/wp-json\/wp\/v2\/categories?post=4204"},{"taxonomy":"post_tag","embeddable":true,"href":"https:\/\/www.fiwonline.de\/en\/wp-json\/wp\/v2\/tags?post=4204"},{"taxonomy":"tp-datum","embeddable":true,"href":"https:\/\/www.fiwonline.de\/en\/wp-json\/wp\/v2\/tp-datum?post=4204"},{"taxonomy":"tp-veranstaltung","embeddable":true,"href":"https:\/\/www.fiwonline.de\/en\/wp-json\/wp\/v2\/tp-veranstaltung?post=4204"},{"taxonomy":"post_folder","embeddable":true,"href":"https:\/\/www.fiwonline.de\/en\/wp-json\/wp\/v2\/post_folder?post=4204"}],"curies":[{"name":"wp","href":"https:\/\/api.w.org\/{rel}","templated":true}]}}