{"id":4382,"date":"2024-09-11T16:05:34","date_gmt":"2024-09-11T14:05:34","guid":{"rendered":"https:\/\/www.fiwonline.de\/?p=4382"},"modified":"2024-09-30T21:46:44","modified_gmt":"2024-09-30T19:46:44","slug":"veroeffentlichter-expertenbericht-von-mario-draghi-zur-zukunft-der-europaeischen-wettbewerbsfaehigkeit","status":"publish","type":"post","link":"https:\/\/www.fiwonline.de\/en\/veroeffentlichter-expertenbericht-von-mario-draghi-zur-zukunft-der-europaeischen-wettbewerbsfaehigkeit\/","title":{"rendered":"Ver\u00f6ffentlichter Expertenbericht von Mario Draghi zur Zukunft der europ\u00e4ischen Wettbewerbsf\u00e4higkeit"},"content":{"rendered":"<div data-elementor-type=\"wp-post\" data-elementor-id=\"4382\" class=\"elementor elementor-4382\">\n\t\t\t\t<div class=\"elementor-element elementor-element-1ed60ff2 e-flex e-con-boxed e-con e-parent\" data-id=\"1ed60ff2\" data-element_type=\"container\" data-e-type=\"container\">\r\n\t\t\t\t\t<div class=\"e-con-inner\">\r\n\t\t\t\t<div class=\"elementor-element elementor-element-3b5ac722 flex-horizontal-align-default flex-horizontal-align-tablet-default flex-horizontal-align-mobile-default flex-vertical-align-default flex-vertical-align-tablet-default flex-vertical-align-mobile-default elementor-widget elementor-widget-spacer\" data-id=\"3b5ac722\" data-element_type=\"widget\" data-e-type=\"widget\" data-widget_type=\"spacer.default\">\n\t\t\t\t<div class=\"elementor-widget-container\">\n\t\t\t\t\t\t\t<div class=\"elementor-spacer\">\n\t\t\t<div class=\"elementor-spacer-inner\"><\/div>\n\t\t<\/div>\n\t\t\t\t\t\t<\/div>\n\t\t\t\t<\/div>\n\t\t\t\t<div class=\"elementor-element elementor-element-38d7cdee flex-horizontal-align-default flex-horizontal-align-tablet-default flex-horizontal-align-mobile-default flex-vertical-align-default flex-vertical-align-tablet-default flex-vertical-align-mobile-default elementor-widget elementor-widget-thegem-template-post-info\" data-id=\"38d7cdee\" data-element_type=\"widget\" data-e-type=\"widget\" data-widget_type=\"thegem-template-post-info.default\">\n\t\t\t\t<div class=\"elementor-widget-container\">\n\t\t\t\t\t\t\t\t<div class=\"thegem-te-post-info post-info--modern post-info--horizontal post-info--left post-info--divider-show\">\r\n\t\t\t\t<div class=\"post-info\"><div class=\"post-info-item post-info-item-date title-h5\"><a class=\"date\" href=\"https:\/\/www.fiwonline.de\/en\/2024\/09\/11\/\">11.09.2024<\/a><\/div><\/div>\r\n\t\t\t<\/div>\r\n\t\t\t\t\t\t\t\t\t<\/div>\n\t\t\t\t<\/div>\n\t\t\t\t<div class=\"elementor-element elementor-element-268b5461 flex-horizontal-align-default flex-horizontal-align-tablet-default flex-horizontal-align-mobile-default flex-vertical-align-default flex-vertical-align-tablet-default flex-vertical-align-mobile-default elementor-widget elementor-widget-thegem-template-post-title\" data-id=\"268b5461\" data-element_type=\"widget\" data-e-type=\"widget\" data-widget_type=\"thegem-template-post-title.default\">\n\t\t\t\t<div class=\"elementor-widget-container\">\n\t\t\t\t\t<div class=\"thegem-te-post-title\"> <h3 class=\"post-title\"> <span>Ver\u00f6ffentlichter Expertenbericht von Mario Draghi zur Zukunft der europ\u00e4ischen Wettbewerbsf\u00e4higkeit<\/span> <\/h3> <\/div>\t\t\t\t<\/div>\n\t\t\t\t<\/div>\n\t\t<div class=\"elementor-element elementor-element-1428644e e-con-full e-flex e-con e-child\" data-id=\"1428644e\" data-element_type=\"container\" data-e-type=\"container\" data-settings=\"{&quot;background_background&quot;:&quot;gradient&quot;}\">\r\n\t\t\t\t<div class=\"elementor-element elementor-element-721a28b2 flex-horizontal-align-default flex-horizontal-align-tablet-default flex-horizontal-align-mobile-default flex-vertical-align-default flex-vertical-align-tablet-default flex-vertical-align-mobile-default elementor-widget elementor-widget-text-editor\" data-id=\"721a28b2\" data-element_type=\"widget\" data-e-type=\"widget\" data-widget_type=\"text-editor.default\">\n\t\t\t\t<div class=\"elementor-widget-container\">\n\t\t\t\t\t\t\t\t\t\t\t\t<div class=\"elementor-text-editor elementor-clearfix\">\r\n\t\t\t\t\t\t<div class=\"title-h6\">EU<br>EU-Kommission<br>Draghi-Bericht<br>Binnenmarkt<br>Wettbewerbsf\u00e4higkeit<br>Wettbewerbsrecht<br>Beihilfenrecht<br>IPCEI<br>New Competition Tool<\/div>\t\t\t\t\t\t\t<\/div>\r\n\t\t\t\t\t\t\t\t\t\t<\/div>\n\t\t\t\t<\/div>\n\t\t\t\t<\/div>\n\t\t<div class=\"elementor-element elementor-element-56e52371 e-flex e-con-boxed e-con e-child\" data-id=\"56e52371\" data-element_type=\"container\" data-e-type=\"container\">\r\n\t\t\t\t\t<div class=\"e-con-inner\">\r\n\t\t\t\t<div class=\"elementor-element elementor-element-35cfd8e2 flex-horizontal-align-default flex-horizontal-align-tablet-default flex-horizontal-align-mobile-default flex-vertical-align-default flex-vertical-align-tablet-default flex-vertical-align-mobile-default elementor-widget elementor-widget-text-editor\" data-id=\"35cfd8e2\" data-element_type=\"widget\" data-e-type=\"widget\" data-widget_type=\"text-editor.default\">\n\t\t\t\t<div class=\"elementor-widget-container\">\n\t\t\t\t\t\t\t\t\t\t\t\t<div class=\"elementor-text-editor elementor-clearfix\">\r\n\t\t\t\t\t\t<p style=\"margin: 0cm;\"><span lang=\"EN-US\">Link zum Bericht: <\/span><a\n        href=\"https:\/\/commission.europa.eu\/topics\/strengthening-european-competitiveness\/eu-competitiveness-looking-ahead_en#paragraph_47059\"\n        style=\"color: blue; text-decoration-line: underline;\"><span lang=\"EN-US\">EU competitiveness: Looking ahead &#8211;\n            European Commission (europa.eu)<\/span><\/a><span lang=\"EN-US\">\n        <o:p><\/o:p>\n    <\/span><\/p>\n<p style=\"margin: 0cm;\"><span lang=\"EN-US\">&nbsp;<\/span><\/p>\n<p style=\"margin: 0cm;\">Am 9.\n    September 2024 hat der&nbsp;ehemalige EZB-Pr\u00e4sident&nbsp;<b>Mario Draghi<\/b> im Auftrag der\n    Europ\u00e4ischen&nbsp;<b>Kommission<\/b>&nbsp;einen 400-seitigen <b>Bericht<\/b>&nbsp;vorgelegt, der die Herausforderungen\n    f\u00fcr die Wettbewerbsf\u00e4higkeit der EU beleuchtet. Er gilt als richtungsweisend f\u00fcr die politische Agenda der kommenden\n    f\u00fcnf Jahre. Neben den Themen Innovation und Sicherheit\/Verteidigung nimmt die gr\u00fcne Transformation im Bericht eine\n    zentrale Rolle ein. Draghi analysiert die aktuellen Ausgangslagen und Herausforderungen und unterbreitet vielf\u00e4ltige\n    Handlungsvorschl\u00e4ge.<o:p><\/o:p>\n<\/p>\n<p style=\"margin: 0cm;\">\n    <o:p>&nbsp;<\/o:p>\n<\/p>\n<p style=\"margin: 0cm;\">F\u00fcr den\n    Bereich des Wettbewerbsrechts betont Draghi, dass das Grundprinzip des fairen und freien Wettbewerbs zur\n    Gew\u00e4hrleistung eines Level Playing Fields f\u00fcr Unternehmen im Binnenmarkt nach wie vor g\u00fcltig bleibe, es aber an die\n    sich radikal \u00e4ndernden Rahmenbedingungen angepasst werden m\u00fcsse. Die Herausforderung bestehe darin, ein\n    Gleichgewicht zwischen der Einhaltung wettbewerbsrechtlicher Grunds\u00e4tze und der Notwendigkeit von Skaleneffekten und\n    Innovationsanreizen f\u00fcr europ\u00e4ische Unternehmen herzustellen. Die wachsende Bedeutung von digitalen Technologien,\n    Daten und Netzwerkeffekten ver\u00e4ndere die Art und Weise, wie Wettbewerb funktioniert. Auf vielen M\u00e4rkten gehe es beim\n    Wettbewerb nicht mehr nur um die Preisgestaltung, sondern um Innovation und Skaleneffekte. Die Wettbewerbsbeh\u00f6rden\n    m\u00fcssten vorausschauender urteilen, das n\u00f6tige technische Know-How entwickeln und schnellere Entscheidungen treffen.\n    Hierzu w\u00fcrden auch verst\u00e4rkte Ressourcen ben\u00f6tigt.<o:p><\/o:p>\n<\/p>\n<p style=\"margin: 0cm;\">\n    <o:p>&nbsp;<\/o:p>\n<\/p>\n<p style=\"margin: 0cm;\">Im\n    Einzelnen fordert Draghi im Kapitel \u201eRevamping Competition Policy\u201c, in der Fusionskontrolle zukunftsgewandter zu\n    entscheiden und Innovations- und Effizienzaspekte st\u00e4rker im Wege einer \u201eInnovations- oder Effizienzeinrede\u201c zu\n    ber\u00fccksichtigen, die Verfahren der GD Wettbewerb zu beschleunigen und zu vereinfachen sowie IPCEIs im weiteren\n    Umfang zu nutzen. Er spricht sich auch f\u00fcr klare Regeln zur wettbewerbsrechtlichen Bewertung von Kooperationen aus.\n    Diese k\u00f6nnten erforderlich sein, um beispielsweise Forschungsinvestitionen oder Nachhaltigkeitsinitiativen \u00fcberhaupt\n    zu erm\u00f6glichen. F\u00fcr Unternehmen m\u00fcsse klar erkennbar sein, welche Kooperationen sie ohne rechtliche Risiken eingehen\n    k\u00f6nnten. Hierzu w\u00fcrden entsprechende klare Leitlinien und Vorlagen ben\u00f6tigt<o:p><\/o:p>\n<\/p>\n<p style=\"margin: 0cm;\">\n    <o:p>&nbsp;<\/o:p>\n<\/p>\n<p style=\"margin: 0cm;\">Nach\n    Ansicht Draghis nehme die derzeitige Wettbewerbsdurchsetzung nicht ausreichend Bezug auf Aspekte wie Sicherheit,\n    Resilienz und mit diesen Bereichen verbundene Risiken f\u00fcr die europ\u00e4ische Wirtschaft. Er schl\u00e4gt vor, eine\n    Sicherheits- und Resilienzbewertung durchzuf\u00fchren in Wettbewerbsf\u00e4llen, in denen diese Dimensionen besonders\n    relevant seien, und f\u00fcr Unternehmen und Sektoren, die von strategischer Bedeutung seien (genannt werden Sicherheit,\n    Verteidigung, Energie und Raumfahrt). Diese Bewertung soll nicht durch die DG Wettbewerb, sondern durch eine externe\n    Stelle, z. B. durch ein \u201eResiliency Assessment Body\u201c durchgef\u00fchrt werden.<o:p><\/o:p>\n<\/p>\n<p style=\"margin: 0cm;\">\n    <o:p>&nbsp;<\/o:p>\n<\/p>\n<p style=\"margin: 0cm;\">Der\n    Bericht betont dar\u00fcber hinaus die Bedeutung der Beihilfekontrolle und bewertet die Krisenbeihilfen der vergangenen\n    Jahre, die gr\u00f6\u00dftenteils zu unkoordinierten nationalen F\u00f6rderma\u00dfnahmen und einer Fragmentierung des Binnenmarktes\n    gef\u00fchrt h\u00e4tten, kritisch. Es sei nun wichtig, zum einen wieder zur\u00fcck zu einer strengen Anwendung der\n    Beihilfekontrolle zu kommen und zum anderen nationale F\u00f6rderma\u00dfnahmen verst\u00e4rkt auf EU-Ebene zu koordinieren, um\n    Produktivit\u00e4t und Wachstum in strategischen Sektoren zu erweitern. Neben einer Ausweitung des IPCEI-Instrumentes\n    schl\u00e4gt der Bericht vor, in der beihilferechtlichen Bewertung die Koh\u00e4renz der Beihilfen mit Vorgaben der\n    EU-Industriepolitik sowie die potenziellen Auswirkungen auf Innovation und Resilienz st\u00e4rker zu ber\u00fccksichtigen. In\n    Bereichen, in denen nationale F\u00f6rderma\u00dfnahmen auf europ\u00e4ischer Ebene koordiniert werden, sollen h\u00f6here\n    Beihilfebetr\u00e4ge zugelassen werden. F\u00fcr den Energiebereich enth\u00e4lt das entsprechende Kapitel Vorschl\u00e4ge zur\n    beihilferechtlichen Erm\u00f6glichung von Preisentlastungsmechanismen.<o:p><\/o:p>\n<\/p>\n<p style=\"margin: 0cm;\">\n    <o:p>&nbsp;<\/o:p>\n<\/p>\n<p style=\"margin: 0cm;\">Der\n    Draghi-Bericht zielt auch auf die Einf\u00fchrung eines <i>New Competition Tools<\/i> (NCT) in vier Bereichen, in denen\n    seiner Meinung nach die derzeitigen Wettbewerbsinstrumente unzureichend sein sollen. Er nennt in dem Zusammenhang i)\n    stillschweigende Absprachen; ii) M\u00e4rkte, auf denen Verbraucherschutz eher erforderlich ist, z. B. weil die\n    Verbraucher zu sensiblen Gruppen geh\u00f6ren oder Verhaltensverzerrungen (behavioural biases) haben; iii) M\u00e4rkte, auf\n    denen die wirtschaftliche Belastbarkeit schwach ist, was u.a. an der Marktstruktur liegen k\u00f6nnte (u.a. Abh\u00e4ngigkeit\n    von einer einzigen Rohstoffquelle), die zu h\u00e4ufigen Engp\u00e4ssen oder anderen sch\u00e4dlichen Folgen f\u00fchrt; iv) fr\u00fchere\n    Durchsetzungsma\u00dfnahmen, bei denen die bei der Beh\u00f6rde eingegangenen Informationen\/Daten darauf hindeuten, dass die\n    eingegangenen Verpflichtungen oder Abhilfema\u00dfnahmen nicht zu mehr Wettbewerb f\u00fchren.<o:p><\/o:p>\n<\/p>\n<p style=\"margin: 0cm;\">\n    <o:p>&nbsp;<\/o:p>\n<\/p>\n<p style=\"margin: 0cm;\">Auf\n    europ\u00e4ischer Ebene ist 2020 ein fl\u00e4chendeckenden \u201eNCT\u201c seinerzeit abgelehnt und stattdessen mit dem <i>Digital\n        Markets Act<\/i> eine sektorspezifische Regulierung nur f\u00fcr gro\u00dfe digitale Gatekeeper vorgelegt worden. Es war zu\n    dem Zeitpunkt kein Grund ersichtlich, ein neues Regulierungsinstrument f\u00fcr alle Branchen und M\u00e4rkte vorzusehen.\n    Neben offenen und streitigen Kompetenzfragen ist auffallend, dass Draghi an dieser Stelle weder Sektoren nennt, noch\n    eine stichhaltige Begr\u00fcndung f\u00fcr seinen Vorschlag anf\u00fchrt.<o:p><\/o:p>\n<\/p>\t\t\t\t\t\t\t<\/div>\r\n\t\t\t\t\t\t\t\t\t\t<\/div>\n\t\t\t\t<\/div>\n\t\t\t\t<div class=\"elementor-element elementor-element-2927c623 flex-horizontal-align-default flex-horizontal-align-tablet-default flex-horizontal-align-mobile-default flex-vertical-align-default flex-vertical-align-tablet-default flex-vertical-align-mobile-default elementor-widget elementor-widget-spacer\" data-id=\"2927c623\" data-element_type=\"widget\" data-e-type=\"widget\" data-widget_type=\"spacer.default\">\n\t\t\t\t<div class=\"elementor-widget-container\">\n\t\t\t\t\t\t\t<div class=\"elementor-spacer\">\n\t\t\t<div class=\"elementor-spacer-inner\"><\/div>\n\t\t<\/div>\n\t\t\t\t\t\t<\/div>\n\t\t\t\t<\/div>\n\t\t\t\t\t<\/div>\n\t\t\t\t<\/div>\n\t\t\t\t\t<\/div>\n\t\t\t\t<\/div>\n\t\t<div class=\"elementor-element elementor-element-20543627 elementor-hidden-mobile e-flex e-con-boxed e-con e-parent\" data-id=\"20543627\" data-element_type=\"container\" data-e-type=\"container\">\r\n\t\t\t\t\t<div class=\"e-con-inner\">\r\n\t\t\t\t<div class=\"elementor-element elementor-element-74346d42 flex-horizontal-align-default flex-horizontal-align-tablet-default flex-horizontal-align-mobile-default flex-vertical-align-default flex-vertical-align-tablet-default flex-vertical-align-mobile-default elementor-widget elementor-widget-thegem-template-post-navigation\" data-id=\"74346d42\" data-element_type=\"widget\" data-e-type=\"widget\" data-widget_type=\"thegem-template-post-navigation.default\">\n\t\t\t\t<div class=\"elementor-widget-container\">\n\t\t\t\t\t<div class=\"thegem-te-post-navigation post-nav--justified post-label--hide post-arrows--simple\"> <nav class=\"navigation post-navigation\" aria-label=\"Posts\"> <h2 class=\"screen-reader-text\">Post navigation<\/h2> <div class=\"nav-links\"><div class=\"nav-previous\"><a href=\"https:\/\/www.fiwonline.de\/en\/eu-kommission-veroeffentlicht-evaluierungsergebnisse-zur-eu-kartellverfahrensverordnung\/\" rel=\"prev\"><i class=\"meta-icon\"><\/i><span class=\"meta-nav\" aria-hidden=\"true\"><span class=\"post-title\"><span class=\"title-h5\">EU-Kommission ver\u00f6ffentlicht Evaluierungsergebnisse zur EU-Kartellverfahrensverordnung<\/span><\/span><\/span><\/a><\/div><div class=\"nav-next\"><a href=\"https:\/\/www.fiwonline.de\/en\/teresa-ribera-rodriguez-designierte-neue-wettbewerbskommissarin\/\" rel=\"next\"><span class=\"meta-nav\" aria-hidden=\"true\"><span class=\"post-title\"><span class=\"title-h5\">Teresa Ribera Rodr\u00ecguez designierte neue Wettbewerbskommissarin<\/span><\/span><\/span><i class=\"meta-icon\"><\/i><\/a><\/div><\/div> <\/nav> <\/div>\t\t\t\t<\/div>\n\t\t\t\t<\/div>\n\t\t\t\t<div class=\"elementor-element elementor-element-39df2306 flex-horizontal-align-default flex-horizontal-align-tablet-default flex-horizontal-align-mobile-default flex-vertical-align-default flex-vertical-align-tablet-default flex-vertical-align-mobile-default elementor-widget elementor-widget-spacer\" data-id=\"39df2306\" data-element_type=\"widget\" data-e-type=\"widget\" data-widget_type=\"spacer.default\">\n\t\t\t\t<div class=\"elementor-widget-container\">\n\t\t\t\t\t\t\t<div class=\"elementor-spacer\">\n\t\t\t<div class=\"elementor-spacer-inner\"><\/div>\n\t\t<\/div>\n\t\t\t\t\t\t<\/div>\n\t\t\t\t<\/div>\n\t\t\t\t\t<\/div>\n\t\t\t\t<\/div>\n\t\t\t\t<\/div>","protected":false},"excerpt":{"rendered":"<p>03.11.2024 Ver\u00f6ffentlichter Expertenbericht von Mario Draghi zur Zukunft der europ\u00e4ischen Wettbewerbsf\u00e4higkeit EUEU-KommissionDraghi-BerichtBinnenmarktWettbewerbsf\u00e4higkeitWettbewerbsrechtBeihilfenrechtIPCEINew Competition Tool Link zum Bericht: EU competitiveness: Looking&#8230;<\/p>","protected":false},"author":3,"featured_media":0,"comment_status":"closed","ping_status":"closed","sticky":false,"template":"","format":"standard","meta":{"_acf_changed":false,"footnotes":""},"categories":[1],"tags":[96,174,214,50,111,167,215,165,120],"tp-datum":[],"tp-veranstaltung":[],"post_folder":[1239],"class_list":{"0":"post-4382","1":"post","2":"type-post","3":"status-publish","4":"format-standard","6":"category-allgemein","7":"tag-beihilfenrecht","8":"tag-binnenmarkt","9":"tag-draghi-bericht","10":"tag-eu","11":"tag-eu-kommission","12":"tag-ipcei","13":"tag-new-competition-tool","14":"tag-wettbewerbsfaehigkeit","15":"tag-wettbewerbsrecht"},"acf":[],"menu_order":100,"_links":{"self":[{"href":"https:\/\/www.fiwonline.de\/en\/wp-json\/wp\/v2\/posts\/4382","targetHints":{"allow":["GET"]}}],"collection":[{"href":"https:\/\/www.fiwonline.de\/en\/wp-json\/wp\/v2\/posts"}],"about":[{"href":"https:\/\/www.fiwonline.de\/en\/wp-json\/wp\/v2\/types\/post"}],"author":[{"embeddable":true,"href":"https:\/\/www.fiwonline.de\/en\/wp-json\/wp\/v2\/users\/3"}],"replies":[{"embeddable":true,"href":"https:\/\/www.fiwonline.de\/en\/wp-json\/wp\/v2\/comments?post=4382"}],"version-history":[{"count":0,"href":"https:\/\/www.fiwonline.de\/en\/wp-json\/wp\/v2\/posts\/4382\/revisions"}],"wp:attachment":[{"href":"https:\/\/www.fiwonline.de\/en\/wp-json\/wp\/v2\/media?parent=4382"}],"wp:term":[{"taxonomy":"category","embeddable":true,"href":"https:\/\/www.fiwonline.de\/en\/wp-json\/wp\/v2\/categories?post=4382"},{"taxonomy":"post_tag","embeddable":true,"href":"https:\/\/www.fiwonline.de\/en\/wp-json\/wp\/v2\/tags?post=4382"},{"taxonomy":"tp-datum","embeddable":true,"href":"https:\/\/www.fiwonline.de\/en\/wp-json\/wp\/v2\/tp-datum?post=4382"},{"taxonomy":"tp-veranstaltung","embeddable":true,"href":"https:\/\/www.fiwonline.de\/en\/wp-json\/wp\/v2\/tp-veranstaltung?post=4382"},{"taxonomy":"post_folder","embeddable":true,"href":"https:\/\/www.fiwonline.de\/en\/wp-json\/wp\/v2\/post_folder?post=4382"}],"curies":[{"name":"wp","href":"https:\/\/api.w.org\/{rel}","templated":true}]}}