{"id":4392,"date":"2024-09-17T14:51:52","date_gmt":"2024-09-17T12:51:52","guid":{"rendered":"https:\/\/www.fiwonline.de\/?p=4392"},"modified":"2024-10-29T11:06:11","modified_gmt":"2024-10-29T10:06:11","slug":"teresa-ribera-rodriguez-designierte-neue-wettbewerbskommissarin","status":"publish","type":"post","link":"https:\/\/www.fiwonline.de\/en\/teresa-ribera-rodriguez-designierte-neue-wettbewerbskommissarin\/","title":{"rendered":"Teresa Ribera Rodr\u00ecguez designierte neue Wettbewerbskommissarin"},"content":{"rendered":"<div data-elementor-type=\"wp-post\" data-elementor-id=\"4392\" class=\"elementor elementor-4392\">\n\t\t\t\t<div class=\"elementor-element elementor-element-1dac65f4 e-flex e-con-boxed e-con e-parent\" data-id=\"1dac65f4\" data-element_type=\"container\" data-e-type=\"container\">\r\n\t\t\t\t\t<div class=\"e-con-inner\">\r\n\t\t\t\t<div class=\"elementor-element elementor-element-6e556b65 flex-horizontal-align-default flex-horizontal-align-tablet-default flex-horizontal-align-mobile-default flex-vertical-align-default flex-vertical-align-tablet-default flex-vertical-align-mobile-default elementor-widget elementor-widget-spacer\" data-id=\"6e556b65\" data-element_type=\"widget\" data-e-type=\"widget\" data-widget_type=\"spacer.default\">\n\t\t\t\t<div class=\"elementor-widget-container\">\n\t\t\t\t\t\t\t<div class=\"elementor-spacer\">\n\t\t\t<div class=\"elementor-spacer-inner\"><\/div>\n\t\t<\/div>\n\t\t\t\t\t\t<\/div>\n\t\t\t\t<\/div>\n\t\t\t\t<div class=\"elementor-element elementor-element-56131b2b flex-horizontal-align-default flex-horizontal-align-tablet-default flex-horizontal-align-mobile-default flex-vertical-align-default flex-vertical-align-tablet-default flex-vertical-align-mobile-default elementor-widget elementor-widget-thegem-template-post-info\" data-id=\"56131b2b\" data-element_type=\"widget\" data-e-type=\"widget\" data-widget_type=\"thegem-template-post-info.default\">\n\t\t\t\t<div class=\"elementor-widget-container\">\n\t\t\t\t\t\t\t\t<div class=\"thegem-te-post-info post-info--modern post-info--horizontal post-info--left post-info--divider-show\">\r\n\t\t\t\t<div class=\"post-info\"><div class=\"post-info-item post-info-item-date title-h5\"><a class=\"date\" href=\"https:\/\/www.fiwonline.de\/en\/2024\/09\/17\/\">17.09.2024<\/a><\/div><\/div>\r\n\t\t\t<\/div>\r\n\t\t\t\t\t\t\t\t\t<\/div>\n\t\t\t\t<\/div>\n\t\t\t\t<div class=\"elementor-element elementor-element-1419b17d flex-horizontal-align-default flex-horizontal-align-tablet-default flex-horizontal-align-mobile-default flex-vertical-align-default flex-vertical-align-tablet-default flex-vertical-align-mobile-default elementor-widget elementor-widget-thegem-template-post-title\" data-id=\"1419b17d\" data-element_type=\"widget\" data-e-type=\"widget\" data-widget_type=\"thegem-template-post-title.default\">\n\t\t\t\t<div class=\"elementor-widget-container\">\n\t\t\t\t\t<div class=\"thegem-te-post-title\"> <h3 class=\"post-title\"> <span>Teresa Ribera Rodr\u00ecguez designierte neue Wettbewerbskommissarin<\/span> <\/h3> <\/div>\t\t\t\t<\/div>\n\t\t\t\t<\/div>\n\t\t<div class=\"elementor-element elementor-element-5fce127c e-con-full e-flex e-con e-child\" data-id=\"5fce127c\" data-element_type=\"container\" data-e-type=\"container\" data-settings=\"{&quot;background_background&quot;:&quot;gradient&quot;}\">\r\n\t\t\t\t<div class=\"elementor-element elementor-element-6137bd54 flex-horizontal-align-default flex-horizontal-align-tablet-default flex-horizontal-align-mobile-default flex-vertical-align-default flex-vertical-align-tablet-default flex-vertical-align-mobile-default elementor-widget elementor-widget-text-editor\" data-id=\"6137bd54\" data-element_type=\"widget\" data-e-type=\"widget\" data-widget_type=\"text-editor.default\">\n\t\t\t\t<div class=\"elementor-widget-container\">\n\t\t\t\t\t\t\t\t\t\t\t\t<div class=\"elementor-text-editor elementor-clearfix\">\r\n\t\t\t\t\t\t<div class=\"title-h6\">EU<br \/>EU-Kommission<br \/>Von der Leyen<br \/>Neue Kommission<br \/>Wettbewerbskommissar<\/div>\n\t\t\t\t\t\t\t<\/div>\r\n\t\t\t\t\t\t\t\t\t\t<\/div>\n\t\t\t\t<\/div>\n\t\t\t\t<\/div>\n\t\t<div class=\"elementor-element elementor-element-76ccee78 e-flex e-con-boxed e-con e-child\" data-id=\"76ccee78\" data-element_type=\"container\" data-e-type=\"container\">\r\n\t\t\t\t\t<div class=\"e-con-inner\">\r\n\t\t\t\t<div class=\"elementor-element elementor-element-79612065 flex-horizontal-align-default flex-horizontal-align-tablet-default flex-horizontal-align-mobile-default flex-vertical-align-default flex-vertical-align-tablet-default flex-vertical-align-mobile-default elementor-widget elementor-widget-text-editor\" data-id=\"79612065\" data-element_type=\"widget\" data-e-type=\"widget\" data-widget_type=\"text-editor.default\">\n\t\t\t\t<div class=\"elementor-widget-container\">\n\t\t\t\t\t\t\t\t\t\t\t\t<div class=\"elementor-text-editor elementor-clearfix\">\r\n\t\t\t\t\t\t<p><a href=\"https:\/\/commission.europa.eu\/about-european-commission\/towards-new-commission-2024-2029\/commissioners-designate-2024-2029_en\"\n        text-decoration-line: underline;\"><span lang=\"EN-US\">Commissioners-designate (2024-2029) &#8211;\n            European Commission (europa.eu)<\/span><\/a><span lang=\"EN-US\">\n        <o:p><\/o:p>\n    <\/span><\/p>\n<p><span lang=\"EN-US\">&nbsp;<\/span><\/p>\n<p><span lang=\"EN-US\">Mission letter&nbsp;: <\/span><a\n        href=\"https:\/\/commission.europa.eu\/document\/5b1aaee5-681f-470b-9fd5-aee14e106196_en\" text-decoration-line:\n underline;\"><span lang=\"EN-US\">Teresa Ribera Rodr\u00edguez &#8211; Mission\n            letter | European Commission (europa.eu)<\/span><\/a><span lang=\"EN-US\">\n        <o:p><\/o:p>\n    <\/span><\/p>\n<p><span lang=\"EN-US\">Biografie Teresa Ribera Rodriguez: <\/span><a\n        href=\"https:\/\/commission.europa.eu\/document\/download\/370f894b-6030-47c7-80fe-f81372056413_en?filename=CV%20Ribera.pdf\"\n        text-decoration-line: underline;\"><span lang=\"EN-US\">370f894b-6030-47c7-80fe-f81372056413_en\n            (europa.eu)<\/span><\/a><span lang=\"EN-US\">\n        <o:p><\/o:p>\n    <\/span><\/p>\n<p><span lang=\"EN-US\">&nbsp;<\/span><\/p>\n<p><span lang=\"EN-US\">&nbsp;<\/span><\/p>\n<p>Am 17.\n    September 2024 hat die Pr\u00e4sidentin der Europ\u00e4ischen Kommission die Kommissionskandidaten und Portfolios f\u00fcr die neue\n    Europ\u00e4ische Kommission 2024-2029 vorgestellt und jedem Kandidaten einen \u201eMission Letter\u201c mit den wesentlichen\n    Aufgaben f\u00fcr die kommende Legislaturperiode \u00fcbermittelt. Alle Kandidaten m\u00fcssen nun noch durch das Europ\u00e4ische\n    Parlament best\u00e4tigt werden, bevor die neue Kommission ihren Dienst antreten kann. Hierzu finden demn\u00e4chst Anh\u00f6rungen\n    der einzelnen Kandidaten in den fachlich zust\u00e4ndigen Parlamentsaussch\u00fcssen statt. Es soll k\u00fcnftig f\u00fcnf Exekutive\n    Vizepr\u00e4sidenten sowie die Hohe Beauftragte f\u00fcr Au\u00dfen- und Sicherheitspolitik und 20 Kommissare geben. Die f\u00fcnf\n    Exekutiven Vizepr\u00e4sidenten haben neben ihrer koordinierenden Aufgabe als Vizepr\u00e4sidenten auch eigene Portfolios wie\n    Kommissare.<o:p><\/o:p>\n<\/p>\n<p>\n    <o:p>&nbsp;<\/o:p>\n<\/p>\n<p>F\u00fcr die\n    Wettbewerbspolitik und die Durchsetzung des Wettbewerbsrechts soll k\u00fcnftig <u>Teresa Ribera Rodr\u00ecguez<\/u> als\n    Nachfolgerin von Margrethe Vestager zust\u00e4ndig sein, die als \u201e<i>Executive Vice President for Green, Just and\n        Competitive Transition<\/i>\u201c ein breites Portfolio erh\u00e4lt. Die Sozialdemokratin Ribera ist Juristin und seit 2018\n    als Ministerin f\u00fcr \u00f6kologischen Wandel in der spanischen Regierung t\u00e4tig. Vor ihrer Position als Ministerin hatte\n    sie verschiedene hochrangige Funktionen inne, u. a. als Staatssekret\u00e4rin f\u00fcr Klimawandel oder als Direktorin des\n    spanischen Institutes f\u00fcr nachhaltige Entwicklung und internationale Beziehungen. In den letzten Jahren war sie\n    ma\u00dfgeblich an der Umsetzung des \u201eGreen Deal\u201c in Spanien beteiligt. Neben ihrer Aufgabe als Wettbewerbskommissarin\n    soll Ribera u. a. k\u00fcnftig gemeinsam mit St\u00e9phane S\u00e9journ\u00e9 aus Frankreich (\u201eExecutive Vice President for Prosperity\n    and Industrial Strategy\u201c) den von Kommissionspr\u00e4sidentin von der Leyen angek\u00fcndigten \u201eClean Industrial Deal\u201c\n    koordinieren. Au\u00dferdem w\u00e4ren ihr die designierten Kommissare aus den Niederlanden (Hoekstra), D\u00e4nemark (J\u00f8rgensen)\n    und Schweden (Roswall), zust\u00e4ndig f\u00fcr Klimapolitik, Energiepolitik und Umweltpolitik, unterstellt.<o:p><\/o:p>\n<\/p>\n<p>\n    <o:p>&nbsp;<\/o:p>\n<\/p>\n<p>In der\n    <u>Wettbewerbspolitik<\/u><b> <\/b>fordert die Kommissionspr\u00e4sidentin in ihrem Mission Letter an Ribera einen neuen\n    Ansatz, der Unternehmen, die auf globalen M\u00e4rkten expandieren, st\u00e4rker unterst\u00fctzt, der es europ\u00e4ischen Unternehmen\n    und Verbrauchern erm\u00f6glicht, alle Vorteile eines wirksamen Wettbewerbs zu nutzen und der besser auf die gemeinsamen\n    Ziele ausgerichtet ist, einschlie\u00dflich der Dekarbonisierung und eines gerechten Wandels. Ziel soll es sein, f\u00fcr\n    gleiche Wettbewerbsbedingungen zu sorgen, den Unternehmen Anreize f\u00fcr Investitionen, Innovation und Wachstum zu\n    geben und die Verbraucher vor steigenden Preisen und sinkender Qualit\u00e4t von Waren und Dienstleistungen zu sch\u00fctzen.\n    Die Wettbewerbspolitik sollte auch die wachsende Bedeutung der Resilienz angesichts geopolitischer und anderer\n    Bedrohungen der Lieferketten und des unlauteren Wettbewerbs durch Subventionen widerspiegeln.<o:p><\/o:p>\n<\/p>\n<p>Als Teil\n    des \u201eClean Industrial Deal\u201csoll Ribera einen neuen <u>Beihilferahmen<\/u><b> <\/b>entwickeln, um erneuerbare Energien\n    zu f\u00f6rdern, die industrielle Dekarbonisierung voranzubringen und ausreichende Produktionskapazit\u00e4ten f\u00fcr saubere\n    Technologien sicherzustellen. <u>IPCEIs<\/u> sollen gef\u00f6rdert, vereinfacht und beschleunigt und eventuell auch auf\n    neue Bereiche erweitert werden, und der k\u00fcnftige <i>European Competitiveness Fund <\/i>sollte mit der Beihilfepolitik\n    koordiniert werden.<o:p><\/o:p>\n<\/p>\n<p>\n    <o:p>&nbsp;<\/o:p>\n<\/p>\n<p>Im\n    Bereich der <u>Fusionskontrolle<\/u><b> <\/b>soll Ribera die Horizontal Merger Guidelines \u00fcberarbeiten. Diese sollen\n    k\u00fcnftig ein st\u00e4rkeres Gewicht auf Aspekte wie Resilienz, Effizienz, Innovation, den Zeithorizont bei der Bewertung\n    eines Fusionsvorhabens, die Investitionsintensit\u00e4t in bestimmten strategischen Sektoren sowie das ver\u00e4nderte\n    Sicherheits- und Verteidigungsumfeld legen. Dar\u00fcber hinaus soll der Umgang mit \u201ekiller acquisitions\u201c adressiert\n    werden.<o:p><\/o:p>\n<\/p>\n<p>\n    <o:p>&nbsp;<\/o:p>\n<\/p>\n<p>\n    Insgesamt sollen die <u>Verfahren der GD Wettbewerb<\/u><b> <\/b>beschleunigt und verbessert werden. Schlie\u00dflich\n    sollen die <i><u>Foreign Subsidies-<\/u><\/i><u>Verordnung<\/u><b> <\/b>und der <i>Digital Markets Act<\/i><b> <\/b>strikt\n    durchgesetzt werden.<o:p><\/o:p>\n<\/p>\n<p>\n    <o:p>&nbsp;<\/o:p>\n<\/p>\n<p>\n    <o:p>&nbsp;<\/o:p>\n<\/p>\t\t\t\t\t\t\t<\/div>\r\n\t\t\t\t\t\t\t\t\t\t<\/div>\n\t\t\t\t<\/div>\n\t\t\t\t<div class=\"elementor-element elementor-element-2ecdfaae flex-horizontal-align-default flex-horizontal-align-tablet-default flex-horizontal-align-mobile-default flex-vertical-align-default flex-vertical-align-tablet-default flex-vertical-align-mobile-default elementor-widget elementor-widget-spacer\" data-id=\"2ecdfaae\" data-element_type=\"widget\" data-e-type=\"widget\" data-widget_type=\"spacer.default\">\n\t\t\t\t<div class=\"elementor-widget-container\">\n\t\t\t\t\t\t\t<div class=\"elementor-spacer\">\n\t\t\t<div class=\"elementor-spacer-inner\"><\/div>\n\t\t<\/div>\n\t\t\t\t\t\t<\/div>\n\t\t\t\t<\/div>\n\t\t\t\t\t<\/div>\n\t\t\t\t<\/div>\n\t\t\t\t\t<\/div>\n\t\t\t\t<\/div>\n\t\t<div class=\"elementor-element elementor-element-50af41b9 elementor-hidden-mobile e-flex e-con-boxed e-con e-parent\" data-id=\"50af41b9\" data-element_type=\"container\" data-e-type=\"container\">\r\n\t\t\t\t\t<div class=\"e-con-inner\">\r\n\t\t\t\t<div class=\"elementor-element elementor-element-5859388b flex-horizontal-align-default flex-horizontal-align-tablet-default flex-horizontal-align-mobile-default flex-vertical-align-default flex-vertical-align-tablet-default flex-vertical-align-mobile-default elementor-widget elementor-widget-thegem-template-post-navigation\" data-id=\"5859388b\" data-element_type=\"widget\" data-e-type=\"widget\" data-widget_type=\"thegem-template-post-navigation.default\">\n\t\t\t\t<div class=\"elementor-widget-container\">\n\t\t\t\t\t<div class=\"thegem-te-post-navigation post-nav--justified post-label--hide post-arrows--simple\"> <nav class=\"navigation post-navigation\" aria-label=\"Posts\"> <h2 class=\"screen-reader-text\">Post navigation<\/h2> <div class=\"nav-links\"><div class=\"nav-previous\"><a href=\"https:\/\/www.fiwonline.de\/en\/veroeffentlichter-expertenbericht-von-mario-draghi-zur-zukunft-der-europaeischen-wettbewerbsfaehigkeit\/\" rel=\"prev\"><i class=\"meta-icon\"><\/i><span class=\"meta-nav\" aria-hidden=\"true\"><span class=\"post-title\"><span class=\"title-h5\">Ver\u00f6ffentlichter Expertenbericht von Mario Draghi zur Zukunft der europ\u00e4ischen Wettbewerbsf\u00e4higkeit<\/span><\/span><\/span><\/a><\/div><div class=\"nav-next\"><a href=\"https:\/\/www.fiwonline.de\/en\/europaeische-kommission-zur-kuenstlichen-intelligenz\/\" rel=\"next\"><span class=\"meta-nav\" aria-hidden=\"true\"><span class=\"post-title\"><span class=\"title-h5\">Europ\u00e4ische Kommission zur K\u00fcnstlichen Intelligenz<\/span><\/span><\/span><i class=\"meta-icon\"><\/i><\/a><\/div><\/div> <\/nav> <\/div>\t\t\t\t<\/div>\n\t\t\t\t<\/div>\n\t\t\t\t<div class=\"elementor-element elementor-element-49ae2e95 flex-horizontal-align-default flex-horizontal-align-tablet-default flex-horizontal-align-mobile-default flex-vertical-align-default flex-vertical-align-tablet-default flex-vertical-align-mobile-default elementor-widget elementor-widget-spacer\" data-id=\"49ae2e95\" data-element_type=\"widget\" data-e-type=\"widget\" data-widget_type=\"spacer.default\">\n\t\t\t\t<div class=\"elementor-widget-container\">\n\t\t\t\t\t\t\t<div class=\"elementor-spacer\">\n\t\t\t<div class=\"elementor-spacer-inner\"><\/div>\n\t\t<\/div>\n\t\t\t\t\t\t<\/div>\n\t\t\t\t<\/div>\n\t\t\t\t\t<\/div>\n\t\t\t\t<\/div>\n\t\t\t\t<\/div>","protected":false},"excerpt":{"rendered":"<p>17.09.2024 Teresa Ribera Rodr\u00ecguez designierte neue Wettbewerbskommissarin EUEU-KommissionVon der LeyenNeue KommissionWettbewerbskommissar Teresa Ribera Rodr\u00edguez &#8211; Mission letter | European Commission&#8230;<\/p>","protected":false},"author":3,"featured_media":0,"comment_status":"closed","ping_status":"closed","sticky":false,"template":"","format":"standard","meta":{"_acf_changed":false,"footnotes":""},"categories":[1],"tags":[50,111,217,216,218],"tp-datum":[],"tp-veranstaltung":[],"post_folder":[1239],"class_list":{"0":"post-4392","1":"post","2":"type-post","3":"status-publish","4":"format-standard","6":"category-allgemein","7":"tag-eu","8":"tag-eu-kommission","9":"tag-neue-kommission","10":"tag-von-der-leyen","11":"tag-wettbewerbskommissar"},"acf":[],"menu_order":99,"_links":{"self":[{"href":"https:\/\/www.fiwonline.de\/en\/wp-json\/wp\/v2\/posts\/4392","targetHints":{"allow":["GET"]}}],"collection":[{"href":"https:\/\/www.fiwonline.de\/en\/wp-json\/wp\/v2\/posts"}],"about":[{"href":"https:\/\/www.fiwonline.de\/en\/wp-json\/wp\/v2\/types\/post"}],"author":[{"embeddable":true,"href":"https:\/\/www.fiwonline.de\/en\/wp-json\/wp\/v2\/users\/3"}],"replies":[{"embeddable":true,"href":"https:\/\/www.fiwonline.de\/en\/wp-json\/wp\/v2\/comments?post=4392"}],"version-history":[{"count":0,"href":"https:\/\/www.fiwonline.de\/en\/wp-json\/wp\/v2\/posts\/4392\/revisions"}],"wp:attachment":[{"href":"https:\/\/www.fiwonline.de\/en\/wp-json\/wp\/v2\/media?parent=4392"}],"wp:term":[{"taxonomy":"category","embeddable":true,"href":"https:\/\/www.fiwonline.de\/en\/wp-json\/wp\/v2\/categories?post=4392"},{"taxonomy":"post_tag","embeddable":true,"href":"https:\/\/www.fiwonline.de\/en\/wp-json\/wp\/v2\/tags?post=4392"},{"taxonomy":"tp-datum","embeddable":true,"href":"https:\/\/www.fiwonline.de\/en\/wp-json\/wp\/v2\/tp-datum?post=4392"},{"taxonomy":"tp-veranstaltung","embeddable":true,"href":"https:\/\/www.fiwonline.de\/en\/wp-json\/wp\/v2\/tp-veranstaltung?post=4392"},{"taxonomy":"post_folder","embeddable":true,"href":"https:\/\/www.fiwonline.de\/en\/wp-json\/wp\/v2\/post_folder?post=4392"}],"curies":[{"name":"wp","href":"https:\/\/api.w.org\/{rel}","templated":true}]}}