{"id":7249,"date":"2024-12-15T02:49:16","date_gmt":"2024-12-15T01:49:16","guid":{"rendered":"https:\/\/www.fiwonline.de\/?p=7249"},"modified":"2024-12-15T02:49:52","modified_gmt":"2024-12-15T01:49:52","slug":"eu-amtsantritt-der-kommission","status":"publish","type":"post","link":"https:\/\/www.fiwonline.de\/en\/eu-amtsantritt-der-kommission\/","title":{"rendered":"EU: Amtsantritt der Kommission"},"content":{"rendered":"<div data-elementor-type=\"wp-post\" data-elementor-id=\"7249\" class=\"elementor elementor-7249\">\n\t\t\t\t<div class=\"elementor-element elementor-element-769f4c e-flex e-con-boxed e-con e-parent\" data-id=\"769f4c\" data-element_type=\"container\" data-e-type=\"container\">\r\n\t\t\t\t\t<div class=\"e-con-inner\">\r\n\t\t\t\t<div class=\"elementor-element elementor-element-7d4093bf flex-horizontal-align-default flex-horizontal-align-tablet-default flex-horizontal-align-mobile-default flex-vertical-align-default flex-vertical-align-tablet-default flex-vertical-align-mobile-default elementor-widget elementor-widget-spacer\" data-id=\"7d4093bf\" data-element_type=\"widget\" data-e-type=\"widget\" data-widget_type=\"spacer.default\">\n\t\t\t\t<div class=\"elementor-widget-container\">\n\t\t\t\t\t\t\t<div class=\"elementor-spacer\">\n\t\t\t<div class=\"elementor-spacer-inner\"><\/div>\n\t\t<\/div>\n\t\t\t\t\t\t<\/div>\n\t\t\t\t<\/div>\n\t\t\t\t<div class=\"elementor-element elementor-element-6af6f867 flex-horizontal-align-default flex-horizontal-align-tablet-default flex-horizontal-align-mobile-default flex-vertical-align-default flex-vertical-align-tablet-default flex-vertical-align-mobile-default elementor-widget elementor-widget-thegem-template-post-info\" data-id=\"6af6f867\" data-element_type=\"widget\" data-e-type=\"widget\" data-widget_type=\"thegem-template-post-info.default\">\n\t\t\t\t<div class=\"elementor-widget-container\">\n\t\t\t\t\t\t\t\t<div class=\"thegem-te-post-info post-info--modern post-info--horizontal post-info--left post-info--divider-show\">\r\n\t\t\t\t<div class=\"post-info\"><div class=\"post-info-item post-info-item-date title-h5\"><a class=\"date\" href=\"https:\/\/www.fiwonline.de\/en\/2024\/12\/15\/\">15.12.2024<\/a><\/div><\/div>\r\n\t\t\t<\/div>\r\n\t\t\t\t\t\t\t\t\t<\/div>\n\t\t\t\t<\/div>\n\t\t\t\t<div class=\"elementor-element elementor-element-4cf25690 flex-horizontal-align-default flex-horizontal-align-tablet-default flex-horizontal-align-mobile-default flex-vertical-align-default flex-vertical-align-tablet-default flex-vertical-align-mobile-default elementor-widget elementor-widget-thegem-template-post-title\" data-id=\"4cf25690\" data-element_type=\"widget\" data-e-type=\"widget\" data-widget_type=\"thegem-template-post-title.default\">\n\t\t\t\t<div class=\"elementor-widget-container\">\n\t\t\t\t\t<div class=\"thegem-te-post-title\"> <h3 class=\"post-title\"> <span>EU: Amtsantritt der Kommission<\/span> <\/h3> <\/div>\t\t\t\t<\/div>\n\t\t\t\t<\/div>\n\t\t<div class=\"elementor-element elementor-element-32eb69ca e-con-full e-flex e-con e-child\" data-id=\"32eb69ca\" data-element_type=\"container\" data-e-type=\"container\" data-settings=\"{&quot;background_background&quot;:&quot;gradient&quot;}\">\r\n\t\t\t\t<div class=\"elementor-element elementor-element-5a909be8 flex-horizontal-align-default flex-horizontal-align-tablet-default flex-horizontal-align-mobile-default flex-vertical-align-default flex-vertical-align-tablet-default flex-vertical-align-mobile-default elementor-widget elementor-widget-text-editor\" data-id=\"5a909be8\" data-element_type=\"widget\" data-e-type=\"widget\" data-settings=\"{&quot;thegem_custom_css&quot;:&quot;.title-h6 {\\n    font-size: 12pt; \\\/* 16px converted to points *\\\/\\n    line-height: 18.75pt; \\\/* 25px converted to points *\\\/\\n    font-weight: bold; \\\/* Bold text *\\\/\\n    text-align: left; \\\/* Left-align the text *\\\/\\n    display: inline-block; \\\/* Keeps the content within a block *\\\/\\n    white-space: pre-line; \\\/* Ensure line breaks are respected *\\\/\\n    color: #393D50;\\n}&quot;}\" data-widget_type=\"text-editor.default\">\n\t\t\t\t<div class=\"elementor-widget-container\">\n\t\t\t\t\t\t\t\t\t\t\t\t<div class=\"elementor-text-editor elementor-clearfix\">\r\n\t\t\t\t\t\t<div class=\"title-h6\"> EU\nKommission\nNeue Kommissionsmitglieder\nEurop\u00e4isches Parlament\nVon der Leyen\nMission Letter\nWettbewerbspolitik\nRibera Rodriquez\n <\/div>\t\t\t\t\t\t\t<\/div>\r\n\t\t\t\t\t\t\t\t\t\t<\/div>\n\t\t\t\t<\/div>\n\t\t\t\t<\/div>\n\t\t<div class=\"elementor-element elementor-element-588a1f90 e-flex e-con-boxed e-con e-child\" data-id=\"588a1f90\" data-element_type=\"container\" data-e-type=\"container\">\r\n\t\t\t\t\t<div class=\"e-con-inner\">\r\n\t\t\t\t<div class=\"elementor-element elementor-element-67d596ce custom-text-editor flex-horizontal-align-default flex-horizontal-align-tablet-default flex-horizontal-align-mobile-default flex-vertical-align-default flex-vertical-align-tablet-default flex-vertical-align-mobile-default elementor-widget elementor-widget-text-editor\" data-id=\"67d596ce\" data-element_type=\"widget\" data-e-type=\"widget\" data-settings=\"{&quot;thegem_custom_css&quot;:&quot;\\\/* Target only the specific Text Editor component with the custom class *\\\/\\n.custom-text-editor .MsoNormal {\\n    margin: 0 !important;              \\\/* Override any margin *\\\/\\n    padding: 0 !important;             \\\/* Override any padding *\\\/\\n    line-height: normal !important;    \\\/* Ensure normal line-height *\\\/\\n    font-size: inherit !important;     \\\/* Inherit font size from theme *\\\/\\n    font-family: inherit !important;   \\\/* Inherit font family from theme *\\\/\\n    color: inherit !important;         \\\/* Inherit text color from theme *\\\/\\n    text-align: inherit !important;    \\\/* Inherit text alignment *\\\/\\n}\\n\\n\\\/* Ensure proper spacing between consecutive paragraphs *\\\/\\n.custom-text-editor .MsoNormal + .MsoNormal {\\n    margin-top: 1em !important;        \\\/* Force spacing between consecutive paragraphs *\\\/\\n}\\n\\n\\\/* Style links inside MsoNormal within specific Text Editor *\\\/\\n.custom-text-editor .MsoNormal a {\\n    color: #1D7CE2 !important;          \\\/* Set link color *\\\/\\n    text-decoration: none !important;   \\\/* Remove underline *\\\/\\n    cursor: pointer !important;         \\\/* Ensure pointer cursor on hover *\\\/\\n}\\n\\n\\\/* Ensure visited links maintain color *\\\/\\n.custom-text-editor .MsoNormal a:visited {\\n    color: #1D7CE2 !important;          \\\/* Set visited link color *\\\/\\n}\\n\\n\\\/* Remove unwanted styling from child elements of MsoNormal *\\\/\\n.custom-text-editor .MsoNormal * {\\n    margin: 0 !important;              \\\/* Remove margin *\\\/\\n    padding: 0 !important;             \\\/* Remove padding *\\\/\\n    font-size: inherit !important;     \\\/* Force inherit font size *\\\/\\n    font-family: inherit !important;   \\\/* Force inherit font family *\\\/\\n    color: inherit !important;         \\\/* Inherit text color *\\\/\\n    line-height: normal !important;    \\\/* Ensure normal line-height *\\\/\\n    text-align: inherit !important;    \\\/* Inherit text alignment *\\\/\\n}\\n\\n\\\/* Apply styling to all text content inside the specific Text Editor *\\\/\\n.custom-text-editor p, \\n.custom-text-editor div, \\n.custom-text-editor span, \\n.custom-text-editor h1, \\n.custom-text-editor h2, \\n.custom-text-editor h3, \\n.custom-text-editor h4, \\n.custom-text-editor h5, \\n.custom-text-editor h6, \\n.custom-text-editor ul, \\n.custom-text-editor ol, \\n.custom-text-editor li {\\n    margin: 0 !important;              \\\/* Remove all margins *\\\/\\n    padding: 0 !important;             \\\/* Remove all paddings *\\\/\\n    line-height: normal !important;    \\\/* Set default line height *\\\/\\n    font-size: inherit !important;     \\\/* Inherit font size from theme *\\\/\\n    font-family: inherit !important;   \\\/* Inherit font family from theme *\\\/\\n    color: inherit !important;         \\\/* Inherit text color *\\\/\\n    text-align: inherit !important;    \\\/* Inherit text alignment *\\\/\\n}\\n\\n\\\/* Style links within unstyled content in the specific Text Editor *\\\/\\n.custom-text-editor a {\\n    color: #1D7CE2 !important;          \\\/* Set link color *\\\/\\n    text-decoration: none !important;   \\\/* Remove underline *\\\/\\n}\\n\\n\\\/* Ensure visited links maintain color *\\\/\\n.custom-text-editor a:visited {\\n    color: #1D7CE2 !important;          \\\/* Set visited link color *\\\/\\n}&quot;}\" data-widget_type=\"text-editor.default\">\n\t\t\t\t<div class=\"elementor-widget-container\">\n\t\t\t\t\t\t\t\t\t\t\t\t<div class=\"elementor-text-editor elementor-clearfix\">\r\n\t\t\t\t\t\t<p class=\"MsoNormal\" style=\"margin: 0cm; font-size: 12pt; font-family: &quot;Times New Roman&quot;, serif; color: rgb(0, 0, 0);\"><a href=\"https:\/\/germany.representation.ec.europa.eu\/news\/amtsantritt-der-kommission-von-der-leyen-ii-2024-12-02_de\" style=\"color: blue; text-decoration-line: underline;\">Amtsantritt der Kommission von der Leyen II &#8211; Europ\u00e4ische Kommission<\/a><o:p><\/o:p><\/p><p class=\"MsoNormal\" style=\"margin: 0cm; font-size: 12pt; font-family: &quot;Times New Roman&quot;, serif; color: rgb(0, 0, 0);\">Rede von der Leyen: <a href=\"https:\/\/ec.europa.eu\/commission\/presscorner\/detail\/de\/speech_24_6084\" style=\"color: blue; text-decoration-line: underline;\">Rede der Pr\u00e4sidentin bei der Plenartagung des Europ\u00e4ischen P<\/a><o:p><\/o:p><\/p><p class=\"MsoNormal\" style=\"margin: 0cm; font-size: 12pt; font-family: &quot;Times New Roman&quot;, serif; color: rgb(0, 0, 0);\">Ratspressemitteilung: <a href=\"https:\/\/www.consilium.europa.eu\/de\/press\/press-releases\/2024\/11\/28\/the-european-council-appoints-the-european-commission\/\" style=\"color: blue; text-decoration-line: underline;\">Rats-Pressemitteilung zur Ernennung der Kommission<\/a>&nbsp;<o:p><\/o:p><\/p><p class=\"MsoNormal\" style=\"margin: 0cm; font-size: 12pt; font-family: &quot;Times New Roman&quot;, serif; color: rgb(0, 0, 0);\"><o:p>&nbsp;<\/o:p><\/p><p class=\"MsoNormal\" style=\"margin: 0cm; font-size: 12pt; font-family: &quot;Times New Roman&quot;, serif; color: rgb(0, 0, 0);\">Am 1. Dezember 2024 hat die Kommission 2024-2029 ihr Amt angetreten. Das Kollegium besteht aus 27 Mitgliedern: Pr\u00e4sidentin, f\u00fcnf Exekutiv-Vizepr\u00e4sidenten und 20 Kommissionsmitgliedern sowie Vizepr\u00e4sidentin\/Hohe Vertreterin f\u00fcr ausw\u00e4rtige Angelegenheiten der Europ\u00e4ischen Union. Das neue Kollegium war am 27. November 2024 vom Europ\u00e4ischen Parlament gew\u00e4hlt und anschlie\u00dfend vom Europ\u00e4ischen Rat im schriftlichen Verfahren ernannt worden. Am selben Tag hatte Kommissionspr\u00e4sidentin von der Leyen&nbsp;einen Ausblick auf die Amtszeit 2024 bis 2029 gegeben. Darin nannte sie einige konkrete Initiativen, die in den ersten 100&nbsp;Tagen des Mandats auf den Weg gebracht werden sollen, wozu der <i>Clean Industrial Deal<\/i> (Federf\u00fchrung: Teresa Ribera Rodr\u00edguez) und ein Wei\u00dfbuch zur Zukunft der europ\u00e4ischen Verteidigung geh\u00f6ren.<o:p><\/o:p><\/p><p class=\"MsoNormal\" style=\"margin: 0cm; font-size: 12pt; font-family: &quot;Times New Roman&quot;, serif; color: rgb(0, 0, 0);\"><o:p>&nbsp;<\/o:p><\/p><p class=\"MsoNormal\" style=\"margin: 0cm; font-size: 12pt; font-family: &quot;Times New Roman&quot;, serif; color: rgb(0, 0, 0);\">Ribera Rodr\u00edguez, Vizepr\u00e4sidentin der Kommission \u201ef\u00fcr einen sauberen, gerechten und wettbewerbsf\u00e4higen \u00dcbergang\u201c (\u201eExecutive Vice President for Clean, Just and Competitive Transition\u201c) hatte bereits zuvor die Priorit\u00e4ten f\u00fcr die neue Amtszeit mitgeteilt. Die<u> Priorit\u00e4ten in der Wettbewerbspolitik<\/u> belaufen sich ihren Antworten in Vorbereitung auf die Anh\u00f6rung zufolge auf Folgende (<i>vgl. dazu auch FIW-Bericht vom 25.11.24 und 29.10.24<\/i>):<o:p><\/o:p><\/p><p class=\"MsoNormal\" style=\"margin: 0cm; font-size: 12pt; font-family: &quot;Times New Roman&quot;, serif; color: rgb(0, 0, 0);\">&nbsp;&nbsp;<o:p><\/o:p><\/p><ul type=\"disc\" style=\"margin-bottom: 0cm; color: rgb(0, 0, 0); font-size: medium; margin-top: 0cm;\"><li class=\"MsoNormal\" style=\"margin: 0cm; font-size: 12pt; font-family: &quot;Times New Roman&quot;, serif;\">Erstens sollen die <u>Prozesse deutlich vereinfacht und beschleunigt werden<\/u>. Dazu geh\u00f6ren die Vereinfachung der Bedingungen f\u00fcr die Genehmigung von staatlichen Beihilfen und die Verk\u00fcrzung von Kartelluntersuchungen.<o:p><\/o:p><\/li><li class=\"MsoNormal\" style=\"margin: 0cm; font-size: 12pt; font-family: &quot;Times New Roman&quot;, serif;\">Zweitens soll die <u>Durchsetzung des Wettbewerbsrechts gest\u00e4rkt und gezielter eingesetzt<\/u> werden. Ma\u00dfnahmen sollten sich in erster Linie auf die wettbewerbsverzerrendsten Beihilfema\u00dfnahmen oder Gesch\u00e4ftspraktiken konzentrieren. Im Gegenzug will Ribera den B\u00fcrokratieaufwand im Falle unproblematischer staatlicher Beihilfen senken und die wettbewerbsf\u00f6rdernde Kooperation zwischen Unternehmen erleichtern.<o:p><\/o:p><\/li><li class=\"MsoNormal\" style=\"margin: 0cm; font-size: 12pt; font-family: &quot;Times New Roman&quot;, serif;\">Drittens soll die Wettbewerbspolitik noch <u>besser auf die Priorit\u00e4ten der EU abgestimmt<\/u> werden. Dazu geh\u00f6ren der Clean Industrial Deal f\u00fcr eine nachhaltige und wettbewerbsf\u00e4hige europ\u00e4ische Wirtschaft und die Vertiefung des Binnenmarktes. Wichtig in dem Zusammenhang ist auch die F\u00f6rderung von Investitionen durch eine effiziente Kombination privater, europ\u00e4ischer und nationaler Finanzmittel.<o:p><\/o:p><\/li><\/ul>\t\t\t\t\t\t\t<\/div>\r\n\t\t\t\t\t\t\t\t\t\t<\/div>\n\t\t\t\t<\/div>\n\t\t\t\t<div class=\"elementor-element elementor-element-7b170e1b flex-horizontal-align-default flex-horizontal-align-tablet-default flex-horizontal-align-mobile-default flex-vertical-align-default flex-vertical-align-tablet-default flex-vertical-align-mobile-default elementor-widget elementor-widget-spacer\" data-id=\"7b170e1b\" data-element_type=\"widget\" data-e-type=\"widget\" data-widget_type=\"spacer.default\">\n\t\t\t\t<div class=\"elementor-widget-container\">\n\t\t\t\t\t\t\t<div class=\"elementor-spacer\">\n\t\t\t<div class=\"elementor-spacer-inner\"><\/div>\n\t\t<\/div>\n\t\t\t\t\t\t<\/div>\n\t\t\t\t<\/div>\n\t\t\t\t\t<\/div>\n\t\t\t\t<\/div>\n\t\t\t\t\t<\/div>\n\t\t\t\t<\/div>\n\t\t<div class=\"elementor-element elementor-element-4b9ed4ab elementor-hidden-mobile e-flex e-con-boxed e-con e-parent\" data-id=\"4b9ed4ab\" data-element_type=\"container\" data-e-type=\"container\">\r\n\t\t\t\t\t<div class=\"e-con-inner\">\r\n\t\t\t\t<div class=\"elementor-element elementor-element-429dbbea flex-horizontal-align-default flex-horizontal-align-tablet-default flex-horizontal-align-mobile-default flex-vertical-align-default flex-vertical-align-tablet-default flex-vertical-align-mobile-default elementor-widget elementor-widget-thegem-template-post-navigation\" data-id=\"429dbbea\" data-element_type=\"widget\" data-e-type=\"widget\" data-widget_type=\"thegem-template-post-navigation.default\">\n\t\t\t\t<div class=\"elementor-widget-container\">\n\t\t\t\t\t<div class=\"thegem-te-post-navigation post-nav--justified post-label--hide post-arrows--simple\"> <nav class=\"navigation post-navigation\" aria-label=\"Posts\"> <h2 class=\"screen-reader-text\">Post navigation<\/h2> <div class=\"nav-links\"><div class=\"nav-previous\"><a href=\"https:\/\/www.fiwonline.de\/en\/usa-wettbewerbspolitik-im-transatlantischen-kontext\/\" rel=\"prev\"><i class=\"meta-icon\"><\/i><span class=\"meta-nav\" aria-hidden=\"true\"><span class=\"post-title\"><span class=\"title-h5\">USA: Wettbewerbspolitik im transatlantischen Kontext<\/span><\/span><\/span><\/a><\/div><div class=\"nav-next\"><a href=\"https:\/\/www.fiwonline.de\/en\/doj-leitfaden-fuer-die-bewertung-von-kartellrechtlichen-compliance-programmen\/\" rel=\"next\"><span class=\"meta-nav\" aria-hidden=\"true\"><span class=\"post-title\"><span class=\"title-h5\">DOJ-Leitfaden f\u00fcr die Bewertung von kartellrechtlichen Compliance-Programmen<\/span><\/span><\/span><i class=\"meta-icon\"><\/i><\/a><\/div><\/div> <\/nav> <\/div>\t\t\t\t<\/div>\n\t\t\t\t<\/div>\n\t\t\t\t<div class=\"elementor-element elementor-element-4025c3ba flex-horizontal-align-default flex-horizontal-align-tablet-default flex-horizontal-align-mobile-default flex-vertical-align-default flex-vertical-align-tablet-default flex-vertical-align-mobile-default elementor-widget elementor-widget-spacer\" data-id=\"4025c3ba\" data-element_type=\"widget\" data-e-type=\"widget\" data-widget_type=\"spacer.default\">\n\t\t\t\t<div class=\"elementor-widget-container\">\n\t\t\t\t\t\t\t<div class=\"elementor-spacer\">\n\t\t\t<div class=\"elementor-spacer-inner\"><\/div>\n\t\t<\/div>\n\t\t\t\t\t\t<\/div>\n\t\t\t\t<\/div>\n\t\t\t\t\t<\/div>\n\t\t\t\t<\/div>\n\t\t\t\t<\/div>","protected":false},"excerpt":{"rendered":"<p>15.12.2024 EU: Amtsantritt der Kommission EU Kommission Neue Kommissionsmitglieder Europ\u00e4isches Parlament Von der Leyen Mission Letter Wettbewerbspolitik Ribera Rodriquez Amtsantritt&#8230;<\/p>","protected":false},"author":3,"featured_media":0,"comment_status":"closed","ping_status":"closed","sticky":false,"template":"","format":"standard","meta":{"_acf_changed":false,"footnotes":""},"categories":[1],"tags":[],"tp-datum":[],"tp-veranstaltung":[],"post_folder":[1239],"class_list":{"0":"post-7249","1":"post","2":"type-post","3":"status-publish","4":"format-standard","6":"category-allgemein"},"acf":[],"menu_order":86,"_links":{"self":[{"href":"https:\/\/www.fiwonline.de\/en\/wp-json\/wp\/v2\/posts\/7249","targetHints":{"allow":["GET"]}}],"collection":[{"href":"https:\/\/www.fiwonline.de\/en\/wp-json\/wp\/v2\/posts"}],"about":[{"href":"https:\/\/www.fiwonline.de\/en\/wp-json\/wp\/v2\/types\/post"}],"author":[{"embeddable":true,"href":"https:\/\/www.fiwonline.de\/en\/wp-json\/wp\/v2\/users\/3"}],"replies":[{"embeddable":true,"href":"https:\/\/www.fiwonline.de\/en\/wp-json\/wp\/v2\/comments?post=7249"}],"version-history":[{"count":0,"href":"https:\/\/www.fiwonline.de\/en\/wp-json\/wp\/v2\/posts\/7249\/revisions"}],"wp:attachment":[{"href":"https:\/\/www.fiwonline.de\/en\/wp-json\/wp\/v2\/media?parent=7249"}],"wp:term":[{"taxonomy":"category","embeddable":true,"href":"https:\/\/www.fiwonline.de\/en\/wp-json\/wp\/v2\/categories?post=7249"},{"taxonomy":"post_tag","embeddable":true,"href":"https:\/\/www.fiwonline.de\/en\/wp-json\/wp\/v2\/tags?post=7249"},{"taxonomy":"tp-datum","embeddable":true,"href":"https:\/\/www.fiwonline.de\/en\/wp-json\/wp\/v2\/tp-datum?post=7249"},{"taxonomy":"tp-veranstaltung","embeddable":true,"href":"https:\/\/www.fiwonline.de\/en\/wp-json\/wp\/v2\/tp-veranstaltung?post=7249"},{"taxonomy":"post_folder","embeddable":true,"href":"https:\/\/www.fiwonline.de\/en\/wp-json\/wp\/v2\/post_folder?post=7249"}],"curies":[{"name":"wp","href":"https:\/\/api.w.org\/{rel}","templated":true}]}}