{"id":7806,"date":"2025-02-03T14:58:37","date_gmt":"2025-02-03T13:58:37","guid":{"rendered":"https:\/\/www.fiwonline.de\/?p=7806"},"modified":"2025-02-03T15:23:11","modified_gmt":"2025-02-03T14:23:11","slug":"eu-kommission-legt-kompass-fuer-wettbewerbsfaehigkeit-vor","status":"publish","type":"post","link":"https:\/\/www.fiwonline.de\/en\/eu-kommission-legt-kompass-fuer-wettbewerbsfaehigkeit-vor\/","title":{"rendered":"EU-Kommission legt Kompass f\u00fcr Wettbewerbsf\u00e4higkeit vor"},"content":{"rendered":"<div data-elementor-type=\"wp-post\" data-elementor-id=\"7806\" class=\"elementor elementor-7806\">\n\t\t\t\t<div class=\"elementor-element elementor-element-cc5b23 e-flex e-con-boxed e-con e-parent\" data-id=\"cc5b23\" data-element_type=\"container\" data-e-type=\"container\">\r\n\t\t\t\t\t<div class=\"e-con-inner\">\r\n\t\t\t\t<div class=\"elementor-element elementor-element-2c6062cb flex-horizontal-align-default flex-horizontal-align-tablet-default flex-horizontal-align-mobile-default flex-vertical-align-default flex-vertical-align-tablet-default flex-vertical-align-mobile-default elementor-widget elementor-widget-spacer\" data-id=\"2c6062cb\" data-element_type=\"widget\" data-e-type=\"widget\" data-widget_type=\"spacer.default\">\n\t\t\t\t<div class=\"elementor-widget-container\">\n\t\t\t\t\t\t\t<div class=\"elementor-spacer\">\n\t\t\t<div class=\"elementor-spacer-inner\"><\/div>\n\t\t<\/div>\n\t\t\t\t\t\t<\/div>\n\t\t\t\t<\/div>\n\t\t\t\t<div class=\"elementor-element elementor-element-62e2f1f9 flex-horizontal-align-default flex-horizontal-align-tablet-default flex-horizontal-align-mobile-default flex-vertical-align-default flex-vertical-align-tablet-default flex-vertical-align-mobile-default elementor-widget elementor-widget-thegem-template-post-info\" data-id=\"62e2f1f9\" data-element_type=\"widget\" data-e-type=\"widget\" data-widget_type=\"thegem-template-post-info.default\">\n\t\t\t\t<div class=\"elementor-widget-container\">\n\t\t\t\t\t\t\t\t<div class=\"thegem-te-post-info post-info--modern post-info--horizontal post-info--left post-info--divider-show\">\r\n\t\t\t\t<div class=\"post-info\"><div class=\"post-info-item post-info-item-date title-h5\"><a class=\"date\" href=\"https:\/\/www.fiwonline.de\/en\/2025\/02\/03\/\">03.02.2025<\/a><\/div><\/div>\r\n\t\t\t<\/div>\r\n\t\t\t\t\t\t\t\t\t<\/div>\n\t\t\t\t<\/div>\n\t\t\t\t<div class=\"elementor-element elementor-element-4685727 flex-horizontal-align-default flex-horizontal-align-tablet-default flex-horizontal-align-mobile-default flex-vertical-align-default flex-vertical-align-tablet-default flex-vertical-align-mobile-default elementor-widget elementor-widget-thegem-template-post-title\" data-id=\"4685727\" data-element_type=\"widget\" data-e-type=\"widget\" data-widget_type=\"thegem-template-post-title.default\">\n\t\t\t\t<div class=\"elementor-widget-container\">\n\t\t\t\t\t<div class=\"thegem-te-post-title\"> <h3 class=\"post-title\"> <span>EU-Kommission legt Kompass f\u00fcr Wettbewerbsf\u00e4higkeit vor<\/span> <\/h3> <\/div>\t\t\t\t<\/div>\n\t\t\t\t<\/div>\n\t\t<div class=\"elementor-element elementor-element-3da9f3c9 e-con-full e-flex e-con e-child\" data-id=\"3da9f3c9\" data-element_type=\"container\" data-e-type=\"container\" data-settings=\"{&quot;background_background&quot;:&quot;gradient&quot;}\">\r\n\t\t\t\t<div class=\"elementor-element elementor-element-63b4efa5 flex-horizontal-align-default flex-horizontal-align-tablet-default flex-horizontal-align-mobile-default flex-vertical-align-default flex-vertical-align-tablet-default flex-vertical-align-mobile-default elementor-widget elementor-widget-text-editor\" data-id=\"63b4efa5\" data-element_type=\"widget\" data-e-type=\"widget\" data-settings=\"{&quot;thegem_custom_css&quot;:&quot;.title-h6 {\\n    font-size: 12pt; \\\/* 16px converted to points *\\\/\\n    line-height: 18.75pt; \\\/* 25px converted to points *\\\/\\n    font-weight: bold; \\\/* Bold text *\\\/\\n    text-align: left; \\\/* Left-align the text *\\\/\\n    display: inline-block; \\\/* Keeps the content within a block *\\\/\\n    white-space: pre-line; \\\/* Ensure line breaks are respected *\\\/\\n    color: #393D50;\\n}&quot;}\" data-widget_type=\"text-editor.default\">\n\t\t\t\t<div class=\"elementor-widget-container\">\n\t\t\t\t\t\t\t\t\t\t\t\t<div class=\"elementor-text-editor elementor-clearfix\">\r\n\t\t\t\t\t\t<div class=\"title-h6\"> EU\t\t\t\t\nKommission\nWettbewerbsf\u00e4higkeit\nWettbewerbspolitik\nBeihilfenpolitik\nFusionskontrolle\nDMA\nIPCEI\n <\/div>\t\t\t\t\t\t\t<\/div>\r\n\t\t\t\t\t\t\t\t\t\t<\/div>\n\t\t\t\t<\/div>\n\t\t\t\t<\/div>\n\t\t<div class=\"elementor-element elementor-element-232f1894 e-flex e-con-boxed e-con e-child\" data-id=\"232f1894\" data-element_type=\"container\" data-e-type=\"container\">\r\n\t\t\t\t\t<div class=\"e-con-inner\">\r\n\t\t\t\t<div class=\"elementor-element elementor-element-12b76c72 custom-text-editor flex-horizontal-align-default flex-horizontal-align-tablet-default flex-horizontal-align-mobile-default flex-vertical-align-default flex-vertical-align-tablet-default flex-vertical-align-mobile-default elementor-widget elementor-widget-text-editor\" data-id=\"12b76c72\" data-element_type=\"widget\" data-e-type=\"widget\" data-settings=\"{&quot;thegem_custom_css&quot;:&quot;\\\/* Target only the specific Text Editor component with the custom class *\\\/\\n.custom-text-editor .MsoNormal {\\n    margin: 0 !important;              \\\/* Override any margin *\\\/\\n    padding: 0 !important;             \\\/* Override any padding *\\\/\\n    line-height: normal !important;    \\\/* Ensure normal line-height *\\\/\\n    font-size: inherit !important;     \\\/* Inherit font size from theme *\\\/\\n    font-family: inherit !important;   \\\/* Inherit font family from theme *\\\/\\n    color: inherit !important;         \\\/* Inherit text color from theme *\\\/\\n    text-align: inherit !important;    \\\/* Inherit text alignment *\\\/\\n}\\n\\n\\\/* Ensure proper spacing between consecutive paragraphs *\\\/\\n.custom-text-editor .MsoNormal + .MsoNormal {\\n    margin-top: 1em !important;        \\\/* Force spacing between consecutive paragraphs *\\\/\\n}\\n\\n\\\/* Style links inside MsoNormal within specific Text Editor *\\\/\\n.custom-text-editor .MsoNormal a {\\n    color: #1D7CE2 !important;          \\\/* Set link color *\\\/\\n    text-decoration: none !important;   \\\/* Remove underline *\\\/\\n    cursor: pointer !important;         \\\/* Ensure pointer cursor on hover *\\\/\\n}\\n\\n\\\/* Ensure visited links maintain color *\\\/\\n.custom-text-editor .MsoNormal a:visited {\\n    color: #1D7CE2 !important;          \\\/* Set visited link color *\\\/\\n}\\n\\n\\\/* Remove unwanted styling from child elements of MsoNormal *\\\/\\n.custom-text-editor .MsoNormal * {\\n    margin: 0 !important;              \\\/* Remove margin *\\\/\\n    padding: 0 !important;             \\\/* Remove padding *\\\/\\n    font-size: inherit !important;     \\\/* Force inherit font size *\\\/\\n    font-family: inherit !important;   \\\/* Force inherit font family *\\\/\\n    color: inherit !important;         \\\/* Inherit text color *\\\/\\n    line-height: normal !important;    \\\/* Ensure normal line-height *\\\/\\n    text-align: inherit !important;    \\\/* Inherit text alignment *\\\/\\n}\\n\\n\\\/* Apply styling to all text content inside the specific Text Editor *\\\/\\n.custom-text-editor p, \\n.custom-text-editor div, \\n.custom-text-editor span, \\n.custom-text-editor h1, \\n.custom-text-editor h2, \\n.custom-text-editor h3, \\n.custom-text-editor h4, \\n.custom-text-editor h5, \\n.custom-text-editor h6, \\n.custom-text-editor ul, \\n.custom-text-editor ol, \\n.custom-text-editor li {\\n    margin: 0 !important;              \\\/* Remove all margins *\\\/\\n    padding: 0 !important;             \\\/* Remove all paddings *\\\/\\n    line-height: normal !important;    \\\/* Set default line height *\\\/\\n    font-size: inherit !important;     \\\/* Inherit font size from theme *\\\/\\n    font-family: inherit !important;   \\\/* Inherit font family from theme *\\\/\\n    color: inherit !important;         \\\/* Inherit text color *\\\/\\n    text-align: inherit !important;    \\\/* Inherit text alignment *\\\/\\n}\\n\\n\\\/* Style links within unstyled content in the specific Text Editor *\\\/\\n.custom-text-editor a {\\n    color: #1D7CE2 !important;          \\\/* Set link color *\\\/\\n    text-decoration: none !important;   \\\/* Remove underline *\\\/\\n}\\n\\n\\\/* Ensure visited links maintain color *\\\/\\n.custom-text-editor a:visited {\\n    color: #1D7CE2 !important;          \\\/* Set visited link color *\\\/\\n}&quot;}\" data-widget_type=\"text-editor.default\">\n\t\t\t\t<div class=\"elementor-widget-container\">\n\t\t\t\t\t\t\t\t\t\t\t\t<div class=\"elementor-text-editor elementor-clearfix\">\r\n\t\t\t\t\t\t<p class=\"MsoNormal\"><span style=\"mso-bidi-font-size:12.0pt;font-family:&quot;Times New Roman&quot;,serif\">Mitteilung:\n<a href=\"https:\/\/commission.europa.eu\/document\/download\/10017eb1-4722-4333-add2-e0ed18105a34_en\">10017eb1-4722-4333-add2-e0ed18105a34_en<\/a><o:p><\/o:p><\/span><\/p><p class=\"MsoNormal\"><span style=\"mso-bidi-font-size:12.0pt;font-family:&quot;Times New Roman&quot;,serif\">&nbsp;<\/span><\/p><p class=\"MsoNormal\"><span style=\"mso-bidi-font-size:12.0pt;font-family:&quot;Times New Roman&quot;,serif\">Am\n29. Januar 2025 hat die EU-Kommission in einer Mitteilung ihren \u201eKompass f\u00fcr\nWettbewerbsf\u00e4higkeit\u201c (\u201eA Competitveness Compass for the EU\u201c) vorgestellt, der\nin einer Reihe mit den Empfehlungen der <i>Draghi<\/i>&#8211; und <i>Letta<\/i>-Berichte\naus dem vergangenen Jahr gelesen steht und sich darauf bezieht. <o:p><\/o:p><\/span><\/p><p class=\"MsoNormal\"><span style=\"mso-bidi-font-size:12.0pt;font-family:&quot;Times New Roman&quot;,serif\">&nbsp;<\/span><\/p><p class=\"MsoNormal\"><span style=\"mso-bidi-font-size:12.0pt;font-family:&quot;Times New Roman&quot;,serif\">Der\nKompass gibt einen Weg vor, wie die EU wieder wettbewerbsf\u00e4hig werden kann, enth\u00e4lt\ndie drei Handlungsschwerpunkte Innovation, Dekarbonisierung und Sicherheit und\nstellt insbesondere eine weitergehende Antwort auf die von Draghi benannten\nAnforderungen an die Transformation dar (<i>vgl. zum Draghi-Bericht FIW-Artikel\nvom 11.09.2024: <a href=\"https:\/\/www.fiwonline.de\/en\/veroeffentlichter-expertenbericht-von-mario-draghi-zur-zukunft-der-europaeischen-wettbewerbsfaehigkeit\/\">Ver\u00f6ffentlichter\nExpertenbericht von Mario Draghi zur Zukunft der europ\u00e4ischen\nWettbewerbsf\u00e4higkeit \u2013 FIW Forschungsinstitut f\u00fcr Wirtschaftsverfassung<\/a><\/i>).\nDie Kommission will damit den Bed\u00fcrfnissen der europ\u00e4ischen Wirtschaft im\nHinblick auf Widerstandsf\u00e4higkeit, Effizienz und Innovation, den Zeithorizonten\nund der Investitionsintensit\u00e4t des Wettbewerbs in bestimmten strategischen\nSektoren sowie dem ver\u00e4nderten Verteidigungs- und Sicherheitsumfeld Rechnung tragen.\nDer Draghi-Bericht hatte die Einf\u00fchrung eines neuen \u201eInnovationsschutzes\u201c als\nSchl\u00fcsselelement eines neuen wettbewerbspolitischen Ansatzes empfohlen. <o:p><\/o:p><\/span><\/p><p class=\"MsoNormal\"><span style=\"mso-bidi-font-size:12.0pt;font-family:&quot;Times New Roman&quot;,serif\">&nbsp;<\/span><\/p><p class=\"MsoNormal\"><u><span style=\"mso-bidi-font-size:12.0pt;font-family:&quot;Times New Roman&quot;,serif\">Zur\nWettbewerbs- und Beihilfenpolitik <o:p><\/o:p><\/span><\/u><\/p><p class=\"MsoNormal\"><span style=\"mso-bidi-font-size:12.0pt;font-family:&quot;Times New Roman&quot;,serif\">&nbsp;<\/span><\/p><p class=\"MsoNormal\"><span style=\"mso-bidi-font-size:12.0pt;font-family:&quot;Times New Roman&quot;,serif\">Die\nMitteilung besagt, dass eine strenge und wirksame Durchsetzung des\nKartellrechts und der Fusionskontrolle nach wie vor wichtig ist, den fairen\nWettbewerb sch\u00fctzt und Anreize f\u00fcr Unternehmen schafft, innovativ und\neffizienter zu werden und spricht davon, dass es darum geht, europ\u00e4ische\n(Top-)Player zu f\u00f6rdern (\u201e<i>Where a fair share of top global players in\ndeep-tech sectors is European <\/i>(\u2026)\u201c.<o:p><\/o:p><\/span><\/p><p class=\"MsoNormal\"><span style=\"mso-bidi-font-size:12.0pt;font-family:&quot;Times New Roman&quot;,serif\">&nbsp;<\/span><\/p><p class=\"MsoNormal\"><span style=\"mso-bidi-font-size:12.0pt;font-family:&quot;Times New Roman&quot;,serif\">Trotzdem\nwerden auch einige \u00c4nderungen im Wettbewerbsrecht avisiert, ohne sehr konkrete\nAussagen zu treffen. So soll die Wettbewerbspolitik im globalen Wettlauf um die\nEntwicklung von Spitzentechnologien und bahnbrechenden Innovationen mit den\nsich entwickelnden M\u00e4rkten und technischen Innovationen Schritt halten. Daf\u00fcr\nsei ein neuer Ansatz erforderlich, der besser auf die gemeinsamen Ziele\nausgerichtet sei und die Unternehmen bei ihrer Expansion auf den europ\u00e4ischen\nund globalen M\u00e4rkten st\u00e4rker unterst\u00fctze. Geschehen soll das mittels\n\u00fcberarbeiteter Leitlinien zur Fusionskontrolle \u2013 die \u00dcberarbeitung ist bereits\nbis 2026 angek\u00fcndigt worden \u2013, damit Innovation, Widerstandsf\u00e4higkeit und\nInvestitionsintensit\u00e4t in bestimmten strategischen Sektoren umfassend\nber\u00fccksichtigt werden. Auch \u00c4nderungen im Rechtsrahmen f\u00fcr den\nTechnologietransfer werden angek\u00fcndigt (die GVO nebst Leitlinien werden derzeit\n\u00fcberarbeitet). Weiter soll die konsequente Durchsetzung des DMA geschlossene\n\u00d6kosysteme \u00f6ffnen und innovative Unternehmen in die Lage versetzen, den Kunden\nneue digitale Dienste anzubieten. Schlie\u00dflich will die Kommission eine breitere\nNutzung wichtiger Projekte von gemeinsamem europ\u00e4ischem Interesse (IPCEI) f\u00fcr\ninnovative Sektoren f\u00f6rdern. <o:p><\/o:p><\/span><\/p><p class=\"MsoNormal\"><span style=\"mso-bidi-font-size:12.0pt;font-family:&quot;Times New Roman&quot;,serif\">&nbsp;<\/span><\/p><p class=\"MsoNormal\"><span style=\"mso-bidi-font-size:12.0pt;font-family:&quot;Times New Roman&quot;,serif\">Diese\nangesprochenen Punkte sind auch schon im Mandat f\u00fcr Exekutiv-Vizepr\u00e4sidentin\nRibera zu finden. So wurde Ribera in ihrem Auftragsschreiben (<i>mission letter<\/i>)\nbeauftragt, die 20 Jahre alten Leitlinien der Europ\u00e4ischen Kommission f\u00fcr\nhorizontale Fusionen zu \u00fcberpr\u00fcfen und das Risiko von Killerakquisitionen\nanzugehen. <o:p><\/o:p><\/span><\/p><p class=\"MsoNormal\"><span style=\"mso-bidi-font-size:12.0pt;font-family:&quot;Times New Roman&quot;,serif\">&nbsp;<\/span><\/p><p class=\"MsoNormal\"><span style=\"mso-bidi-font-size:12.0pt;font-family:&quot;Times New Roman&quot;,serif\">Zur\nBeihilfenpolitik erw\u00e4hnt der Kompass, dass die Kommission im Rahmen des <i>Clean\nIndustrial Deal<\/i> (f\u00fcr den 26.02. angek\u00fcndigt) darlegen wird, wie gezielte,\nvereinfachte Beihilfen Investitionen in die Dekarbonisierung f\u00f6rdern und\ngleichzeitig Marktverzerrungen vermeiden k\u00f6nnen. F\u00fcr energieintensive Branchen\nwie die Stahl- und Metallindustrie, die chemische Industrie oder die\nZementindustrie sollen im Anschluss an den Clean Industrial Deal\nma\u00dfgeschneiderte Aktionspl\u00e4ne f\u00fcr einige von ihnen vorgelegt werden: <o:p><\/o:p><\/span><\/p><p class=\"MsoNormal\"><span style=\"mso-bidi-font-size:12.0pt;font-family:&quot;Times New Roman&quot;,serif\">&nbsp;<\/span><\/p><p class=\"MsoNormal\"><i><span lang=\"EN-US\" style=\"mso-bidi-font-size:12.0pt;font-family:&quot;Times New Roman&quot;,serif;mso-ansi-language:EN-US\">\u201cCompetition\npolicy is also an important lever to strengthen Europe\u2019s competitiveness. Rigorous\nand effective antitrust and merger enforcement in accordance with clear and\npredictable rules protects fair competition and incentivises companies to\ninnovate and become more efficient. At the same time, in the global race to\ndevelop deep technologies and breakthrough innovations, competition policy must\nkeep pace with evolving markets and tech innovation. This needs a fresh\napproach, better geared to common goals and allowing companies to scale up in\nglobal markets \u2013 while always ensuring a level playing field in the Single\nMarket. This should be reflected in revised guidelines for assessing mergers so\nthat innovation, resilience and the investment intensity of competition in\ncertain strategic sectors are given adequate weight in light of the European\neconomy\u2019s acute needs. More generally, the new<\/span><\/i><i><span lang=\"EN-US\"> <\/span><\/i><i><span lang=\"EN-US\" style=\"mso-bidi-font-size:12.0pt;font-family:&quot;Times New Roman&quot;,serif;mso-ansi-language:EN-US\">approach to EU competition policy requires us not only\nto simplify and speed up enforcement, but also to strengthen and better target\nenforcement. It will ensure a coherent approach conducive to overall EU\nobjectives, in particular to closing the innovation gap, addressing the need\nfor efficient scale where relevant, and supporting the decarbonisation of EU\nindustry. For example, the Commission will review the Technology Transfer\nframework to ensure that companies have clear, simple and up-to-date rules for\npro-competitive technology licensing agreements, thereby facilitating\ntechnology dissemination, incentivising initial R&amp;D, and promoting\ninnovation. The enforcement of the Digital Markets Act will open up closed\necosystems and enable innovative businesses to propose new digital services to\ncustomers. Finally, the Commission will promote a wider use of Important Projects\nof Common European Interest (IPCEIs), in conjunction with the Competitiveness\nCoordination Tool.\u201d<o:p><\/o:p><\/span><\/i><\/p><p class=\"MsoNormal\"><i><span lang=\"EN-US\" style=\"mso-bidi-font-size:12.0pt;font-family:&quot;Times New Roman&quot;,serif;mso-ansi-language:EN-US\">&nbsp;<\/span><\/i><\/p><p>\n\n\n\n\n\n\n\n\n\n\n\n\n\n\n\n\n\n\n\n\n\n\n\n\n\n\n\n\n\n\n\n\n\n\n\n<\/p><p class=\"MsoNormal\"><i><span lang=\"EN-US\" style=\"mso-bidi-font-size:12.0pt;font-family:&quot;Times New Roman&quot;,serif;mso-ansi-language:EN-US\">(\u2026) \u201cBetter\naccompanying companies, especially energy intensive ones, in their efforts to\nswitch to clean technologies requires a flexible and supportive state aid\nframework. In the Clean Industrial Deal, the Commission will set out how well\ntargeted, simplified aid can further encourage investment for decarbonisation,\nwhile avoiding market distortions.\u201d<o:p><\/o:p><\/span><\/i><\/p>\t\t\t\t\t\t\t<\/div>\r\n\t\t\t\t\t\t\t\t\t\t<\/div>\n\t\t\t\t<\/div>\n\t\t\t\t<div class=\"elementor-element elementor-element-194d3110 flex-horizontal-align-default flex-horizontal-align-tablet-default flex-horizontal-align-mobile-default flex-vertical-align-default flex-vertical-align-tablet-default flex-vertical-align-mobile-default elementor-widget elementor-widget-spacer\" data-id=\"194d3110\" data-element_type=\"widget\" data-e-type=\"widget\" data-widget_type=\"spacer.default\">\n\t\t\t\t<div class=\"elementor-widget-container\">\n\t\t\t\t\t\t\t<div class=\"elementor-spacer\">\n\t\t\t<div class=\"elementor-spacer-inner\"><\/div>\n\t\t<\/div>\n\t\t\t\t\t\t<\/div>\n\t\t\t\t<\/div>\n\t\t\t\t\t<\/div>\n\t\t\t\t<\/div>\n\t\t\t\t\t<\/div>\n\t\t\t\t<\/div>\n\t\t<div class=\"elementor-element elementor-element-28357a5f elementor-hidden-mobile e-flex e-con-boxed e-con e-parent\" data-id=\"28357a5f\" data-element_type=\"container\" data-e-type=\"container\">\r\n\t\t\t\t\t<div class=\"e-con-inner\">\r\n\t\t\t\t<div class=\"elementor-element elementor-element-2c4d9ff2 flex-horizontal-align-default flex-horizontal-align-tablet-default flex-horizontal-align-mobile-default flex-vertical-align-default flex-vertical-align-tablet-default flex-vertical-align-mobile-default elementor-widget elementor-widget-thegem-template-post-navigation\" data-id=\"2c4d9ff2\" data-element_type=\"widget\" data-e-type=\"widget\" data-widget_type=\"thegem-template-post-navigation.default\">\n\t\t\t\t<div class=\"elementor-widget-container\">\n\t\t\t\t\t<div class=\"thegem-te-post-navigation post-nav--justified post-label--hide post-arrows--simple\"> <nav class=\"navigation post-navigation\" aria-label=\"Posts\"> <h2 class=\"screen-reader-text\">Post navigation<\/h2> <div class=\"nav-links\"><div class=\"nav-previous\"><a href=\"https:\/\/www.fiwonline.de\/en\/monopolkommission-wettbewerbspolitische-empfehlungen-fuer-die-naechste-bundesregierung\/\" rel=\"prev\"><i class=\"meta-icon\"><\/i><span class=\"meta-nav\" aria-hidden=\"true\"><span class=\"post-title\"><span class=\"title-h5\">Monopolkommission: Wettbewerbspolitische Empfehlungen f\u00fcr die n\u00e4chste Bundesregierung<\/span><\/span><\/span><\/a><\/div><div class=\"nav-next\"><a href=\"https:\/\/www.fiwonline.de\/en\/usa-kartellrechtsabteilung-des-doj-veroeffentlicht-10-jahres-bericht-zum-arbeitspensum\/\" rel=\"next\"><span class=\"meta-nav\" aria-hidden=\"true\"><span class=\"post-title\"><span class=\"title-h5\">USA: Kartellrechtsabteilung des DOJ ver\u00f6ffentlicht 10-Jahres-Bericht zum Arbeitspensum<\/span><\/span><\/span><i class=\"meta-icon\"><\/i><\/a><\/div><\/div> <\/nav> <\/div>\t\t\t\t<\/div>\n\t\t\t\t<\/div>\n\t\t\t\t<div class=\"elementor-element elementor-element-3612a8c0 flex-horizontal-align-default flex-horizontal-align-tablet-default flex-horizontal-align-mobile-default flex-vertical-align-default flex-vertical-align-tablet-default flex-vertical-align-mobile-default elementor-widget elementor-widget-spacer\" data-id=\"3612a8c0\" data-element_type=\"widget\" data-e-type=\"widget\" data-widget_type=\"spacer.default\">\n\t\t\t\t<div class=\"elementor-widget-container\">\n\t\t\t\t\t\t\t<div class=\"elementor-spacer\">\n\t\t\t<div class=\"elementor-spacer-inner\"><\/div>\n\t\t<\/div>\n\t\t\t\t\t\t<\/div>\n\t\t\t\t<\/div>\n\t\t\t\t\t<\/div>\n\t\t\t\t<\/div>\n\t\t\t\t<\/div>","protected":false},"excerpt":{"rendered":"<p>03.02.2025 EU-Kommission legt Kompass f\u00fcr Wettbewerbsf\u00e4higkeit vor EU Kommission Wettbewerbsf\u00e4higkeit Wettbewerbspolitik Beihilfenpolitik Fusionskontrolle DMA IPCEI Mitteilung: 10017eb1-4722-4333-add2-e0ed18105a34_en &nbsp; Am 29&#8230;.<\/p>","protected":false},"author":4,"featured_media":0,"comment_status":"closed","ping_status":"closed","sticky":false,"template":"","format":"standard","meta":{"_acf_changed":false,"footnotes":""},"categories":[1],"tags":[161,194,50,55,167,53,165,146],"tp-datum":[],"tp-veranstaltung":[],"post_folder":[],"class_list":{"0":"post-7806","1":"post","2":"type-post","3":"status-publish","4":"format-standard","6":"category-allgemein","7":"tag-beihilfenpolitik","8":"tag-dma","9":"tag-eu","10":"tag-fusionskontrolle","11":"tag-ipcei","12":"tag-kommission","13":"tag-wettbewerbsfaehigkeit","14":"tag-wettbewerbspolitik"},"acf":[],"menu_order":80,"_links":{"self":[{"href":"https:\/\/www.fiwonline.de\/en\/wp-json\/wp\/v2\/posts\/7806","targetHints":{"allow":["GET"]}}],"collection":[{"href":"https:\/\/www.fiwonline.de\/en\/wp-json\/wp\/v2\/posts"}],"about":[{"href":"https:\/\/www.fiwonline.de\/en\/wp-json\/wp\/v2\/types\/post"}],"author":[{"embeddable":true,"href":"https:\/\/www.fiwonline.de\/en\/wp-json\/wp\/v2\/users\/4"}],"replies":[{"embeddable":true,"href":"https:\/\/www.fiwonline.de\/en\/wp-json\/wp\/v2\/comments?post=7806"}],"version-history":[{"count":10,"href":"https:\/\/www.fiwonline.de\/en\/wp-json\/wp\/v2\/posts\/7806\/revisions"}],"predecessor-version":[{"id":7832,"href":"https:\/\/www.fiwonline.de\/en\/wp-json\/wp\/v2\/posts\/7806\/revisions\/7832"}],"wp:attachment":[{"href":"https:\/\/www.fiwonline.de\/en\/wp-json\/wp\/v2\/media?parent=7806"}],"wp:term":[{"taxonomy":"category","embeddable":true,"href":"https:\/\/www.fiwonline.de\/en\/wp-json\/wp\/v2\/categories?post=7806"},{"taxonomy":"post_tag","embeddable":true,"href":"https:\/\/www.fiwonline.de\/en\/wp-json\/wp\/v2\/tags?post=7806"},{"taxonomy":"tp-datum","embeddable":true,"href":"https:\/\/www.fiwonline.de\/en\/wp-json\/wp\/v2\/tp-datum?post=7806"},{"taxonomy":"tp-veranstaltung","embeddable":true,"href":"https:\/\/www.fiwonline.de\/en\/wp-json\/wp\/v2\/tp-veranstaltung?post=7806"},{"taxonomy":"post_folder","embeddable":true,"href":"https:\/\/www.fiwonline.de\/en\/wp-json\/wp\/v2\/post_folder?post=7806"}],"curies":[{"name":"wp","href":"https:\/\/api.w.org\/{rel}","templated":true}]}}