{"id":7893,"date":"2025-02-06T23:06:26","date_gmt":"2025-02-06T22:06:26","guid":{"rendered":"https:\/\/www.fiwonline.de\/?p=7893"},"modified":"2025-02-07T12:20:21","modified_gmt":"2025-02-07T11:20:21","slug":"eu-kommission-konsultiert-zu-moeglichen-optionen-fuer-technologietransfer-gruppenfreistellungsverordnung","status":"publish","type":"post","link":"https:\/\/www.fiwonline.de\/en\/eu-kommission-konsultiert-zu-moeglichen-optionen-fuer-technologietransfer-gruppenfreistellungsverordnung\/","title":{"rendered":"EU-Kommission konsultiert zu m\u00f6glichen Optionen f\u00fcr Technologietransfer-Gruppenfreistellungsverordnung"},"content":{"rendered":"<div data-elementor-type=\"wp-post\" data-elementor-id=\"7893\" class=\"elementor elementor-7893\">\n\t\t\t\t<div class=\"elementor-element elementor-element-19dc360c e-flex e-con-boxed e-con e-parent\" data-id=\"19dc360c\" data-element_type=\"container\" data-e-type=\"container\">\r\n\t\t\t\t\t<div class=\"e-con-inner\">\r\n\t\t\t\t<div class=\"elementor-element elementor-element-6a8c3a23 flex-horizontal-align-default flex-horizontal-align-tablet-default flex-horizontal-align-mobile-default flex-vertical-align-default flex-vertical-align-tablet-default flex-vertical-align-mobile-default elementor-widget elementor-widget-spacer\" data-id=\"6a8c3a23\" data-element_type=\"widget\" data-e-type=\"widget\" data-widget_type=\"spacer.default\">\n\t\t\t\t<div class=\"elementor-widget-container\">\n\t\t\t\t\t\t\t<div class=\"elementor-spacer\">\n\t\t\t<div class=\"elementor-spacer-inner\"><\/div>\n\t\t<\/div>\n\t\t\t\t\t\t<\/div>\n\t\t\t\t<\/div>\n\t\t\t\t<div class=\"elementor-element elementor-element-42685468 flex-horizontal-align-default flex-horizontal-align-tablet-default flex-horizontal-align-mobile-default flex-vertical-align-default flex-vertical-align-tablet-default flex-vertical-align-mobile-default elementor-widget elementor-widget-thegem-template-post-info\" data-id=\"42685468\" data-element_type=\"widget\" data-e-type=\"widget\" data-widget_type=\"thegem-template-post-info.default\">\n\t\t\t\t<div class=\"elementor-widget-container\">\n\t\t\t\t\t\t\t\t<div class=\"thegem-te-post-info post-info--modern post-info--horizontal post-info--left post-info--divider-show\">\r\n\t\t\t\t<div class=\"post-info\"><div class=\"post-info-item post-info-item-date title-h5\"><a class=\"date\" href=\"https:\/\/www.fiwonline.de\/en\/2025\/02\/06\/\">06.02.2025<\/a><\/div><\/div>\r\n\t\t\t<\/div>\r\n\t\t\t\t\t\t\t\t\t<\/div>\n\t\t\t\t<\/div>\n\t\t\t\t<div class=\"elementor-element elementor-element-74ab221b flex-horizontal-align-default flex-horizontal-align-tablet-default flex-horizontal-align-mobile-default flex-vertical-align-default flex-vertical-align-tablet-default flex-vertical-align-mobile-default elementor-widget elementor-widget-thegem-template-post-title\" data-id=\"74ab221b\" data-element_type=\"widget\" data-e-type=\"widget\" data-widget_type=\"thegem-template-post-title.default\">\n\t\t\t\t<div class=\"elementor-widget-container\">\n\t\t\t\t\t<div class=\"thegem-te-post-title\"> <h3 class=\"post-title\"> <span>EU-Kommission konsultiert zu m\u00f6glichen Optionen f\u00fcr Technologietransfer-Gruppenfreistellungsverordnung<\/span> <\/h3> <\/div>\t\t\t\t<\/div>\n\t\t\t\t<\/div>\n\t\t<div class=\"elementor-element elementor-element-fd87998 e-con-full e-flex e-con e-child\" data-id=\"fd87998\" data-element_type=\"container\" data-e-type=\"container\" data-settings=\"{&quot;background_background&quot;:&quot;gradient&quot;}\">\r\n\t\t\t\t<div class=\"elementor-element elementor-element-3de221fd flex-horizontal-align-default flex-horizontal-align-tablet-default flex-horizontal-align-mobile-default flex-vertical-align-default flex-vertical-align-tablet-default flex-vertical-align-mobile-default elementor-widget elementor-widget-text-editor\" data-id=\"3de221fd\" data-element_type=\"widget\" data-e-type=\"widget\" data-settings=\"{&quot;thegem_custom_css&quot;:&quot;.title-h6 {\\n    font-size: 12pt; \\\/* 16px converted to points *\\\/\\n    line-height: 18.75pt; \\\/* 25px converted to points *\\\/\\n    font-weight: bold; \\\/* Bold text *\\\/\\n    text-align: left; \\\/* Left-align the text *\\\/\\n    display: inline-block; \\\/* Keeps the content within a block *\\\/\\n    white-space: pre-line; \\\/* Ensure line breaks are respected *\\\/\\n    color: #393D50;\\n}&quot;}\" data-widget_type=\"text-editor.default\">\n\t\t\t\t<div class=\"elementor-widget-container\">\n\t\t\t\t\t\t\t\t\t\t\t\t<div class=\"elementor-text-editor elementor-clearfix\">\r\n\t\t\t\t\t\t<div class=\"title-h6\"> EU\nEurop\u00e4ische Kommission\nKartellrecht\nGruppenfreistellungsverordnung\nTechnologietransfer <\/div>\t\t\t\t\t\t\t<\/div>\r\n\t\t\t\t\t\t\t\t\t\t<\/div>\n\t\t\t\t<\/div>\n\t\t\t\t<\/div>\n\t\t<div class=\"elementor-element elementor-element-748992f7 e-flex e-con-boxed e-con e-child\" data-id=\"748992f7\" data-element_type=\"container\" data-e-type=\"container\">\r\n\t\t\t\t\t<div class=\"e-con-inner\">\r\n\t\t\t\t<div class=\"elementor-element elementor-element-2a16a642 custom-text-editor flex-horizontal-align-default flex-horizontal-align-tablet-default flex-horizontal-align-mobile-default flex-vertical-align-default flex-vertical-align-tablet-default flex-vertical-align-mobile-default elementor-widget elementor-widget-text-editor\" data-id=\"2a16a642\" data-element_type=\"widget\" data-e-type=\"widget\" data-settings=\"{&quot;thegem_custom_css&quot;:&quot;\\\/* Target only the specific Text Editor component with the custom class *\\\/\\n.custom-text-editor .MsoNormal {\\n    margin: 0 !important;              \\\/* Override any margin *\\\/\\n    padding: 0 !important;             \\\/* Override any padding *\\\/\\n    line-height: normal !important;    \\\/* Ensure normal line-height *\\\/\\n    font-size: inherit !important;     \\\/* Inherit font size from theme *\\\/\\n    font-family: inherit !important;   \\\/* Inherit font family from theme *\\\/\\n    color: inherit !important;         \\\/* Inherit text color from theme *\\\/\\n    text-align: inherit !important;    \\\/* Inherit text alignment *\\\/\\n}\\n\\n\\\/* Ensure proper spacing between consecutive paragraphs *\\\/\\n.custom-text-editor .MsoNormal + .MsoNormal {\\n    margin-top: 1em !important;        \\\/* Force spacing between consecutive paragraphs *\\\/\\n}\\n\\n\\\/* Style links inside MsoNormal within specific Text Editor *\\\/\\n.custom-text-editor .MsoNormal a {\\n    color: #1D7CE2 !important;          \\\/* Set link color *\\\/\\n    text-decoration: none !important;   \\\/* Remove underline *\\\/\\n    cursor: pointer !important;         \\\/* Ensure pointer cursor on hover *\\\/\\n}\\n\\n\\\/* Ensure visited links maintain color *\\\/\\n.custom-text-editor .MsoNormal a:visited {\\n    color: #1D7CE2 !important;          \\\/* Set visited link color *\\\/\\n}\\n\\n\\\/* Remove unwanted styling from child elements of MsoNormal *\\\/\\n.custom-text-editor .MsoNormal * {\\n    margin: 0 !important;              \\\/* Remove margin *\\\/\\n    padding: 0 !important;             \\\/* Remove padding *\\\/\\n    font-size: inherit !important;     \\\/* Force inherit font size *\\\/\\n    font-family: inherit !important;   \\\/* Force inherit font family *\\\/\\n    color: inherit !important;         \\\/* Inherit text color *\\\/\\n    line-height: normal !important;    \\\/* Ensure normal line-height *\\\/\\n    text-align: inherit !important;    \\\/* Inherit text alignment *\\\/\\n}\\n\\n\\\/* Apply styling to all text content inside the specific Text Editor *\\\/\\n.custom-text-editor p, \\n.custom-text-editor div, \\n.custom-text-editor span, \\n.custom-text-editor h1, \\n.custom-text-editor h2, \\n.custom-text-editor h3, \\n.custom-text-editor h4, \\n.custom-text-editor h5, \\n.custom-text-editor h6, \\n.custom-text-editor ul, \\n.custom-text-editor ol, \\n.custom-text-editor li {\\n    margin: 0 !important;              \\\/* Remove all margins *\\\/\\n    padding: 0 !important;             \\\/* Remove all paddings *\\\/\\n    line-height: normal !important;    \\\/* Set default line height *\\\/\\n    font-size: inherit !important;     \\\/* Inherit font size from theme *\\\/\\n    font-family: inherit !important;   \\\/* Inherit font family from theme *\\\/\\n    color: inherit !important;         \\\/* Inherit text color *\\\/\\n    text-align: inherit !important;    \\\/* Inherit text alignment *\\\/\\n}\\n\\n\\\/* Style links within unstyled content in the specific Text Editor *\\\/\\n.custom-text-editor a {\\n    color: #1D7CE2 !important;          \\\/* Set link color *\\\/\\n    text-decoration: none !important;   \\\/* Remove underline *\\\/\\n}\\n\\n\\\/* Ensure visited links maintain color *\\\/\\n.custom-text-editor a:visited {\\n    color: #1D7CE2 !important;          \\\/* Set visited link color *\\\/\\n}&quot;}\" data-widget_type=\"text-editor.default\">\n\t\t\t\t<div class=\"elementor-widget-container\">\n\t\t\t\t\t\t\t\t\t\t\t\t<div class=\"elementor-text-editor elementor-clearfix\">\r\n\t\t\t\t\t\t<p class=\"p1\" style=\"margin-bottom: 5px; font-variant-numeric: normal; font-variant-east-asian: normal; font-variant-alternates: normal; font-size-adjust: none; font-kerning: auto; font-optical-sizing: auto; font-feature-settings: normal; font-variation-settings: normal; font-variant-position: normal; font-variant-emoji: normal; font-stretch: normal; font-size: 12px; line-height: normal; font-family: 'Times New Roman'; color: #0000ff;\"><span class=\"s1\" style=\"text-decoration-line: underline;\"><a href=\"https:\/\/ec.europa.eu\/info\/law\/better-regulation\/have-your-say\/initiatives\/14477-EU-Wettbewerbsvorschriften-zu-Technologietransfer-Vereinbarungen-Uberarbeitung-_de\">EU-Wettbewerbsvorschriften zu Technologietransfer-Vereinbarungen (\u00dcberarbeitung)<\/a><\/span><span class=\"s2\" style=\"color: #000000;\">&nbsp;<\/span><\/p>\n<p class=\"p2\" style=\"margin-bottom: 5px; font-variant-numeric: normal; font-variant-east-asian: normal; font-variant-alternates: normal; font-size-adjust: none; font-kerning: auto; font-optical-sizing: auto; font-feature-settings: normal; font-variation-settings: normal; font-variant-position: normal; font-variant-emoji: normal; font-stretch: normal; font-size: 12px; line-height: normal; font-family: 'Times New Roman'; color: #000000;\"><br>Die Europ\u00e4ische Kommission konsultiert jetzt bis zum 25. April 2025 zu m\u00f6glichen Optionen bei der \u00dcberarbeitung der Europ\u00e4ischen Technologietransfer-Gruppenfreistellungsverordnung (TT-GVO) nebst Technologietransfer-Leitlinien (<i>vgl. hierzu FIW-Berichte vom 12.05.23 und 27.11.2024<\/i>). Die aktuelle TT-GVO wird am 30. April 2026 auslaufen. Durch die \u00dcberarbeitung der Verordnung und der Leitlinien soll den seit Annahme der aktuell g\u00fcltigen Verordnung im Jahr 2014 eingetretenen Marktentwicklungen Rechnung getragen werden.<span class=\"Apple-converted-space\">&nbsp;<\/span><\/p>\n<p class=\"p2\" style=\"margin-bottom: 5px; font-variant-numeric: normal; font-variant-east-asian: normal; font-variant-alternates: normal; font-size-adjust: none; font-kerning: auto; font-optical-sizing: auto; font-feature-settings: normal; font-variation-settings: normal; font-variant-position: normal; font-variant-emoji: normal; font-stretch: normal; font-size: 12px; line-height: normal; font-family: 'Times New Roman'; color: #000000;\">Im November 2024 hatte die EU-Kommission die Evaluierung der aktuellen Fassungen abgeschlossen und tritt nun in die n\u00e4chste Konsultationsphase ein. Hierzu hat sie eine Folgenabsch\u00e4tzung, in der die aktuell gepr\u00fcften Optionen f\u00fcr eine \u00dcberarbeitung der GVO und der Leitlinien kurz dargestellt werden, sowie einen ausf\u00fchrlichen Fragebogen ver\u00f6ffentlicht. Sie hat zudem angek\u00fcndigt, im Sommer 2025 den Entwurf der \u00fcberarbeiteten TT-GVO und der Leitlinien f\u00fcr eine weitere Konsultation zu ver\u00f6ffentlichen.<span class=\"Apple-converted-space\">&nbsp;<\/span><\/p>\n<p class=\"p2\" style=\"margin-bottom: 5px; font-variant-numeric: normal; font-variant-east-asian: normal; font-variant-alternates: normal; font-size-adjust: none; font-kerning: auto; font-optical-sizing: auto; font-feature-settings: normal; font-variation-settings: normal; font-variant-position: normal; font-variant-emoji: normal; font-stretch: normal; font-size: 12px; line-height: normal; font-family: 'Times New Roman'; color: #000000;\">Im <span class=\"s1\" style=\"text-decoration-line: underline;\">Fragebogen <\/span>konsultiert die Kommission insbesondere folgenden Optionen:<br><br><\/p>\n<ol class=\"ol1\" style=\"color: #000000; font-size: medium;\">\n<li class=\"li3\" style=\"margin: 0px; font-variant-numeric: normal; font-variant-east-asian: normal; font-variant-alternates: normal; font-size-adjust: none; font-kerning: auto; font-optical-sizing: auto; font-feature-settings: normal; font-variation-settings: normal; font-variant-position: normal; font-variant-emoji: normal; font-stretch: normal; font-size: 12px; line-height: normal; font-family: 'Times New Roman';\"><b>Optionen im Zusammenhang mit dem Fehlen von Regeln und Orientierungshilfen zur Datenlizenzierung und zu datenbezogenen Bestimmungen in Technologietransfer-Vereinbarungen<\/b><\/li>\n<\/ol>\n<p class=\"p5\" style=\"margin-bottom: 0px; font-variant-numeric: normal; font-variant-east-asian: normal; font-variant-alternates: normal; font-size-adjust: none; font-kerning: auto; font-optical-sizing: auto; font-feature-settings: normal; font-variation-settings: normal; font-variant-position: normal; font-variant-emoji: normal; font-stretch: normal; font-size: 11.5px; line-height: normal; font-family: 'Times New Roman'; color: #000000;\">Die Kommission pr\u00fcft M\u00f6glichkeiten, Regeln oder Orientierungshilfen zur Datenlizenzierung und\/oder zu datenbezogenen Bestimmungen in Technologietransfer-Vereinbarungen bereitzustellen. Zurzeit enthalten die TT-GVO und die Leitlinien weder Regeln noch Orientierungshilfen dazu. Die Evaluierung habe jedoch gezeigt, dass Daten in der digitalen Wirtschaft zunehmend an Bedeutung gewinnen und Technologietransfer-Vereinbarungen immer h\u00e4ufiger Klauseln f\u00fcr die \u00dcbertragung von Daten enthalten. Vor diesem Hintergrund werden Optionen gepr\u00fcft, wie die Beibehaltung des Status quo der TT-GVO und die Ausweitung des Anwendungsbereichs der TT-GVO durch Erweiterung des Begriffs der Technologierechte auf bestimmte Datenkategorien oder Datenrechte und Bereitstellung weiterer Orientierungshilfen in den Leitlinien.<br><br><\/p>\n<ol class=\"ol1\" style=\"color: #000000; font-size: medium;\">\n<li class=\"li3\" style=\"margin: 0px; font-variant-numeric: normal; font-variant-east-asian: normal; font-variant-alternates: normal; font-size-adjust: none; font-kerning: auto; font-optical-sizing: auto; font-feature-settings: normal; font-variation-settings: normal; font-variant-position: normal; font-variant-emoji: normal; font-stretch: normal; font-size: 12px; line-height: normal; font-family: 'Times New Roman';\"><b>Optionen im Zusammenhang mit den Marktanteilsschwellen der TT-GVO f\u00fcr Technologiem\u00e4rkte<\/b><\/li>\n<\/ol>\n<p class=\"p3\" style=\"margin-bottom: 0px; font-variant-numeric: normal; font-variant-east-asian: normal; font-variant-alternates: normal; font-size-adjust: none; font-kerning: auto; font-optical-sizing: auto; font-feature-settings: normal; font-variation-settings: normal; font-variant-position: normal; font-variant-emoji: normal; font-stretch: normal; font-size: 12px; line-height: normal; font-family: 'Times New Roman'; color: #000000;\">Die Kommission will ermitteln, wie die von den Interessentr\u00e4gern gemeldeten Schwierigkeiten bei der Anwendung der Marktanteilsschwellen der TT-GVO f\u00fcr Technologiem\u00e4rkte behoben werden k\u00f6nnen. Vor diesem Hintergrund werden die Optionen gepr\u00fcft, keine \u00c4nderung der GVO vorzunehmen, jedoch ggf. an den Soft-Safe-Harbour-Bestimmungen in den Leitlinien vorzunehmen bzw. die TT-GVO selbst zu \u00e4ndern, etwa durch a) Aufhebung der Marktanteilsschwelle f\u00fcr relevante Technologiem\u00e4rkte und Beibehaltung der Schwelle f\u00fcr relevante Produktm\u00e4rkte oder b) Aufhebung der Schwellen und Aufnahme von Bedingungen, die die (ge\u00e4nderte) Soft-Safe-Harbour-Bestimmungen der Leitlinien in die GVO inkorporieren k\u00f6nnten.<br><br><\/p>\n<ol class=\"ol1\" style=\"color: #000000; font-size: medium;\">\n<li class=\"li3\" style=\"margin: 0px; font-variant-numeric: normal; font-variant-east-asian: normal; font-variant-alternates: normal; font-size-adjust: none; font-kerning: auto; font-optical-sizing: auto; font-feature-settings: normal; font-variation-settings: normal; font-variant-position: normal; font-variant-emoji: normal; font-stretch: normal; font-size: 12px; line-height: normal; font-family: 'Times New Roman';\"><b>Technologiepools<\/b><\/li>\n<\/ol>\n<p class=\"p3\" style=\"margin-bottom: 0px; font-variant-numeric: normal; font-variant-east-asian: normal; font-variant-alternates: normal; font-size-adjust: none; font-kerning: auto; font-optical-sizing: auto; font-feature-settings: normal; font-variation-settings: normal; font-variant-position: normal; font-variant-emoji: normal; font-stretch: normal; font-size: 12px; line-height: normal; font-family: 'Times New Roman'; color: #000000;\">Laut der Evaluierung h\u00e4tten die Orientierungshilfen zu Technologiepools, insbesondere zum Soft-Safe-Harbour-Bereich, gut funktioniert. Allerdings habe der \u201eSoft\u201c-Safe-Harbour-Bereich nicht ganz verl\u00e4sslich funktioniert, um sicherzustellen, dass nur Technologiepools, die nicht unter das Verbot des Artikels 101 AEUV fallen, den Safe-Harbour-Bereich in Anspruch nehmen k\u00f6nnen.<br><br><\/p>\n<ol class=\"ol1\" style=\"color: #000000; font-size: medium;\">\n<li class=\"li3\" style=\"margin: 0px; font-variant-numeric: normal; font-variant-east-asian: normal; font-variant-alternates: normal; font-size-adjust: none; font-kerning: auto; font-optical-sizing: auto; font-feature-settings: normal; font-variation-settings: normal; font-variant-position: normal; font-variant-emoji: normal; font-stretch: normal; font-size: 12px; line-height: normal; font-family: 'Times New Roman';\"><b>Lizenzverhandlungsgruppen<\/b><\/li>\n<\/ol>\n<p class=\"p3\" style=\"margin-bottom: 0px; font-variant-numeric: normal; font-variant-east-asian: normal; font-variant-alternates: normal; font-size-adjust: none; font-kerning: auto; font-optical-sizing: auto; font-feature-settings: normal; font-variation-settings: normal; font-variant-position: normal; font-variant-emoji: normal; font-stretch: normal; font-size: 12px; line-height: normal; font-family: 'Times New Roman'; color: #000000;\">Die Regeln enthalten derzeit keine Orientierungshilfen f\u00fcr die wettbewerbsrechtliche Beurteilung von Lizenzverhandlungsgruppen, die unter bestimmten Voraussetzungen Effizienzgewinne mit sich bringen k\u00f6nnten. Daher konsultiert die Kommission zu m\u00f6glichen wettbewerbsf\u00f6rdernden und wettbewerbssch\u00e4digenden Auswirkungen von Lizenzverhandlungsgruppen.<br><br><\/p>\n<ol class=\"ol1\" style=\"color: #000000; font-size: medium;\">\n<li class=\"li3\" style=\"margin: 0px; font-variant-numeric: normal; font-variant-east-asian: normal; font-variant-alternates: normal; font-size-adjust: none; font-kerning: auto; font-optical-sizing: auto; font-feature-settings: normal; font-variation-settings: normal; font-variant-position: normal; font-variant-emoji: normal; font-stretch: normal; font-size: 12px; line-height: normal; font-family: 'Times New Roman';\"><b>Sonstige Bereiche<\/b><\/li>\n<\/ol>\n<p class=\"p3\" style=\"font-variant-numeric: normal; font-variant-east-asian: normal; font-variant-alternates: normal; font-size-adjust: none; font-kerning: auto; font-optical-sizing: auto; font-feature-settings: normal; font-variation-settings: normal; font-variant-position: normal; font-variant-emoji: normal; font-stretch: normal; font-size: 12px; line-height: normal; font-family: 'Times New Roman'; color: #000000;\">Anpassungen sollen auch die j\u00fcngste EU-Rechtsprechung Rechnung tragen, z. B. in Bezug auf Vereinbarungen zur Beilegung von Patentstreitigkeiten und Pay-for-Delay-Vereinbarungen (Vereinbarungen mit verg\u00fcteten Verz\u00f6gerungen). Dar\u00fcber hinaus will die EU-Kommission etwaige Angleichungen im Verh\u00e4ltnis zu anderen Gruppenfreistellungsverordnungen pr\u00fcfen, sowie ggf. weitere Orientierungshilfen zu auslegungsbed\u00fcrftigen Begriffen geben, wie potenziellem Wettbewerb, Nutzungsbeschr\u00e4nkungen und der Definition von Know-how.<\/p>\t\t\t\t\t\t\t<\/div>\r\n\t\t\t\t\t\t\t\t\t\t<\/div>\n\t\t\t\t<\/div>\n\t\t\t\t<div class=\"elementor-element elementor-element-149ebb5d flex-horizontal-align-default flex-horizontal-align-tablet-default flex-horizontal-align-mobile-default flex-vertical-align-default flex-vertical-align-tablet-default flex-vertical-align-mobile-default elementor-widget elementor-widget-spacer\" data-id=\"149ebb5d\" data-element_type=\"widget\" data-e-type=\"widget\" data-widget_type=\"spacer.default\">\n\t\t\t\t<div class=\"elementor-widget-container\">\n\t\t\t\t\t\t\t<div class=\"elementor-spacer\">\n\t\t\t<div class=\"elementor-spacer-inner\"><\/div>\n\t\t<\/div>\n\t\t\t\t\t\t<\/div>\n\t\t\t\t<\/div>\n\t\t\t\t\t<\/div>\n\t\t\t\t<\/div>\n\t\t\t\t\t<\/div>\n\t\t\t\t<\/div>\n\t\t<div class=\"elementor-element elementor-element-999d8d5 elementor-hidden-mobile e-flex e-con-boxed e-con e-parent\" data-id=\"999d8d5\" data-element_type=\"container\" data-e-type=\"container\">\r\n\t\t\t\t\t<div class=\"e-con-inner\">\r\n\t\t\t\t<div class=\"elementor-element elementor-element-3cc30a0f flex-horizontal-align-default flex-horizontal-align-tablet-default flex-horizontal-align-mobile-default flex-vertical-align-default flex-vertical-align-tablet-default flex-vertical-align-mobile-default elementor-widget elementor-widget-thegem-template-post-navigation\" data-id=\"3cc30a0f\" data-element_type=\"widget\" data-e-type=\"widget\" data-widget_type=\"thegem-template-post-navigation.default\">\n\t\t\t\t<div class=\"elementor-widget-container\">\n\t\t\t\t\t<div class=\"thegem-te-post-navigation post-nav--justified post-label--hide post-arrows--simple\"> <nav class=\"navigation post-navigation\" aria-label=\"Posts\"> <h2 class=\"screen-reader-text\">Post navigation<\/h2> <div class=\"nav-links\"><div class=\"nav-previous\"><a href=\"https:\/\/www.fiwonline.de\/en\/usa-kartellrechtsabteilung-des-doj-veroeffentlicht-10-jahres-bericht-zum-arbeitspensum\/\" rel=\"prev\"><i class=\"meta-icon\"><\/i><span class=\"meta-nav\" aria-hidden=\"true\"><span class=\"post-title\"><span class=\"title-h5\">USA: Kartellrechtsabteilung des DOJ ver\u00f6ffentlicht 10-Jahres-Bericht zum Arbeitspensum<\/span><\/span><\/span><\/a><\/div><div class=\"nav-next\"><a href=\"https:\/\/www.fiwonline.de\/en\/wettbewerbskommissarin-teresa-ribera-zur-wettbewerbspolitik\/\" rel=\"next\"><span class=\"meta-nav\" aria-hidden=\"true\"><span class=\"post-title\"><span class=\"title-h5\">Wettbewerbskommissarin Teresa Ribera zur Wettbewerbspolitik<\/span><\/span><\/span><i class=\"meta-icon\"><\/i><\/a><\/div><\/div> <\/nav> <\/div>\t\t\t\t<\/div>\n\t\t\t\t<\/div>\n\t\t\t\t<div class=\"elementor-element elementor-element-104ce68d flex-horizontal-align-default flex-horizontal-align-tablet-default flex-horizontal-align-mobile-default flex-vertical-align-default flex-vertical-align-tablet-default flex-vertical-align-mobile-default elementor-widget elementor-widget-spacer\" data-id=\"104ce68d\" data-element_type=\"widget\" data-e-type=\"widget\" data-widget_type=\"spacer.default\">\n\t\t\t\t<div class=\"elementor-widget-container\">\n\t\t\t\t\t\t\t<div class=\"elementor-spacer\">\n\t\t\t<div class=\"elementor-spacer-inner\"><\/div>\n\t\t<\/div>\n\t\t\t\t\t\t<\/div>\n\t\t\t\t<\/div>\n\t\t\t\t\t<\/div>\n\t\t\t\t<\/div>\n\t\t\t\t<\/div>","protected":false},"excerpt":{"rendered":"<p>06.02.2025 EU-Kommission konsultiert zu m\u00f6glichen Optionen f\u00fcr Technologietransfer-Gruppenfreistellungsverordnung EU Europ\u00e4ische Kommission Kartellrecht Gruppenfreistellungsverordnung Technologietransfer EU-Wettbewerbsvorschriften zu Technologietransfer-Vereinbarungen (\u00dcberarbeitung)&nbsp; Die Europ\u00e4ische&#8230;<\/p>","protected":false},"author":3,"featured_media":0,"comment_status":"closed","ping_status":"closed","sticky":false,"template":"","format":"standard","meta":{"_acf_changed":false,"footnotes":""},"categories":[1],"tags":[],"tp-datum":[],"tp-veranstaltung":[],"post_folder":[],"class_list":{"0":"post-7893","1":"post","2":"type-post","3":"status-publish","4":"format-standard","6":"category-allgemein"},"acf":[],"menu_order":78,"_links":{"self":[{"href":"https:\/\/www.fiwonline.de\/en\/wp-json\/wp\/v2\/posts\/7893","targetHints":{"allow":["GET"]}}],"collection":[{"href":"https:\/\/www.fiwonline.de\/en\/wp-json\/wp\/v2\/posts"}],"about":[{"href":"https:\/\/www.fiwonline.de\/en\/wp-json\/wp\/v2\/types\/post"}],"author":[{"embeddable":true,"href":"https:\/\/www.fiwonline.de\/en\/wp-json\/wp\/v2\/users\/3"}],"replies":[{"embeddable":true,"href":"https:\/\/www.fiwonline.de\/en\/wp-json\/wp\/v2\/comments?post=7893"}],"version-history":[{"count":12,"href":"https:\/\/www.fiwonline.de\/en\/wp-json\/wp\/v2\/posts\/7893\/revisions"}],"predecessor-version":[{"id":7918,"href":"https:\/\/www.fiwonline.de\/en\/wp-json\/wp\/v2\/posts\/7893\/revisions\/7918"}],"wp:attachment":[{"href":"https:\/\/www.fiwonline.de\/en\/wp-json\/wp\/v2\/media?parent=7893"}],"wp:term":[{"taxonomy":"category","embeddable":true,"href":"https:\/\/www.fiwonline.de\/en\/wp-json\/wp\/v2\/categories?post=7893"},{"taxonomy":"post_tag","embeddable":true,"href":"https:\/\/www.fiwonline.de\/en\/wp-json\/wp\/v2\/tags?post=7893"},{"taxonomy":"tp-datum","embeddable":true,"href":"https:\/\/www.fiwonline.de\/en\/wp-json\/wp\/v2\/tp-datum?post=7893"},{"taxonomy":"tp-veranstaltung","embeddable":true,"href":"https:\/\/www.fiwonline.de\/en\/wp-json\/wp\/v2\/tp-veranstaltung?post=7893"},{"taxonomy":"post_folder","embeddable":true,"href":"https:\/\/www.fiwonline.de\/en\/wp-json\/wp\/v2\/post_folder?post=7893"}],"curies":[{"name":"wp","href":"https:\/\/api.w.org\/{rel}","templated":true}]}}